{"id":119934,"date":"2025-12-29T15:32:13","date_gmt":"2025-12-29T15:32:13","guid":{"rendered":"https:\/\/www.europesays.com\/se\/119934\/"},"modified":"2025-12-29T15:32:13","modified_gmt":"2025-12-29T15:32:13","slug":"sa-blir-vadret-pa-nyarsafton-sno-och-vind-inleder-2026","status":"publish","type":"post","link":"https:\/\/www.europesays.com\/se\/119934\/","title":{"rendered":"S\u00e5 blir v\u00e4dret p\u00e5 ny\u00e5rsafton \u2013 sn\u00f6 och vind inleder 2026"},"content":{"rendered":"<p>Publicerad 29 dec 2025 kl 08.53Uppdaterad kl 10.27<\/p>\n<p>Johannes har bedarrat men kylan och bl\u00e5sten h\u00e5ller kvar stora delar av landet i sitt grepp.<\/p>\n<p>SMHI har uppdaterat sin gula varning f\u00f6r vind.\u00a0<\/p>\n<p>Ny\u00e5rsafton ser ut att bli en kall dag i hela Sverige.<\/p>\n<p>Senaste nyhetsklippen fr\u00e5n Expressen.<img   alt=\"\"\/><\/p>\n<p>Ny\u00e5rsfirandet i Malm\u00f6 2022, i \u00e5r \u00e4r det oklart om raketerna kommer att synas lika bra.<\/p>\n<p>Foto: Johan Nilsson \/ TT NYHETSBYR\u00c5N<\/p>\n<p>\u00d6ppna bild i helsk\u00e4rm<img loading=\"lazy\"   alt=\"\"\/><\/p>\n<p>P\u00e5 m\u00e5nga h\u00e5ll v\u00e4ntas sn\u00f6 p\u00e5 ny\u00e5rsafton.<\/p>\n<p>Foto: LUDVIG THUNMAN \/ BILDBYR\u00c5N<\/p>\n<p>\u00d6ppna bild i helsk\u00e4rm<\/p>\n<p>L\u00e5gtrycken avl\u00f6ser varandra just nu. Lagom till ny\u00e5rsafton avtar det l\u00e5gtryck som just nu ligger \u00f6ver landet och bland annat bidrar till det p\u00e5 sina h\u00e5ll mycket bl\u00e5siga v\u00e4dret.\u00a0<\/p>\n<p>Men en ny front som n\u00e4rmar sig med ett ganska djupt l\u00e5gtryck. 2025 avslutas med minusgrader i stora delar av landet och p\u00e5 sina h\u00e5ll \u00e4ven en sn\u00f6smocka.\u00a0<\/p>\n<p>\u2013\u00a0Under ny\u00e5rsafton s\u00e5 finns det dels f\u00f6rst ett l\u00e5gtryck som r\u00f6r sig vidare \u00e5t till ost, kan man v\u00e4l s\u00e4ga, \u00f6ver s\u00f6dra Norrland och ner \u00f6ver \u00d6stersj\u00f6landskapen d\u00e4r under morgonen p\u00e5 ny\u00e5rsafton. Och sen s\u00e5 f\u00f6ljs det av en liten stabilisering tillf\u00e4lligt mitt p\u00e5 dagen, s\u00e4ger meteorolog Anna Belking p\u00e5 <a href=\"https:\/\/www.expressen.se\/tagg\/organization\/smhi\/\" class=\"\" rel=\"nofollow noopener\" target=\"_blank\">SMHI<\/a> och forts\u00e4tter:\u00a0<\/p>\n<p>\u2013\u00a0Men sen n\u00e4r man tittar vidare mot kv\u00e4llen och natten till torsdag s\u00e5 ser det ut som att ett djupare l\u00e5gtryck r\u00f6r sig in och kommer att ber\u00f6ra en ganska stor del av landet. Det ser ut att kunna vara en del bl\u00e5st och \u00e4ven sn\u00f6fall.\u00a0<\/p>\n<p>Det \u00e4r bara p\u00e5 V\u00e4stkusten och i delar av Sk\u00e5ne som minusgraderna inte riktigt h\u00e4nger med och det v\u00e4ntas regn i st\u00e4llet f\u00f6r sn\u00f6.\u00a0<\/p>\n<p>\u2013 P\u00e5 V\u00e4stkusten och nere i Sk\u00e5ne ser det ut att vara r\u00e4tt bl\u00f6tt.\u00a0<\/p>\n<p>Fortsatt bl\u00e5sigt<\/p>\n<p>I och med l\u00e5gtrycket drar \u00e4ven mer moln in och d\u00e5 kan det bli sv\u00e5rt att se eventuella ny\u00e5rsfyrverkerier.\u00a0<\/p>\n<p>\u2013 M\u00f6jligen att det i de \u00f6stra delarna utav G\u00f6taland och i nordligaste Norrland kan vara lite b\u00e4ttre, n\u00e5gra luckor i molt\u00e4cket, s\u00e5 att man kan se. Men annars s\u00e5 ser det ut som att det kan bli sv\u00e5rt. Men, ja, det \u00e4r i \u00f6stra delarna utav G\u00f6taland och i nordligaste Norrland d\u00e5. Som chansen att det \u00e4r lite st\u00f6rre d\u00e5.<\/p>\n<p>SMHI har utf\u00e4rdat gula v\u00e4dervarningar f\u00f6r h\u00e5rd vind fram till tisdag. P\u00e5 F\u00e5r\u00f6 p\u00e5 Gotland v\u00e4ntas stormbyar och myndigheten skriver att det finns risk f\u00f6r st\u00f6rningar i el- och telen\u00e4t i omr\u00e5den med luftburna ledningar.<\/p>\n<p>Efter stormen Johannes, som drog fram \u00f6ver den norra delen av Sverige i l\u00f6rdags, \u00e4r drygt 13 000 hush\u00e5ll fortfarande utan elektricitet.\u00a0<\/p>\n<p>Men om det nya l\u00e5gtrycket som inviger \u00e5ret kommer inneb\u00e4ra fler varningar \u00e4r f\u00f6r tidigt att s\u00e4ga.\u00a0<\/p>\n<p>\u2013 Det \u00e4r n\u00e5gonting vi f\u00e5r titta vidare p\u00e5 h\u00e4r under dagarna. Men det \u00e4r nog mycket m\u00f6jligt att det kan bli n\u00e5gonting.\u00a0<\/p>\n","protected":false},"excerpt":{"rendered":"Publicerad 29 dec 2025 kl 08.53Uppdaterad kl 10.27 Johannes har bedarrat men kylan och bl\u00e5sten h\u00e5ller kvar stora&hellip;\n","protected":false},"author":2,"featured_media":119935,"comment_status":"","ping_status":"","sticky":false,"template":"","format":"standard","meta":{"footnotes":""},"categories":[5],"tags":[22,23,26,27,17,21,24,25,28,29,15,16,288,18,34,281,31,33,32,30,19,5969,12781,290,20],"class_list":{"0":"post-119934","1":"post","2":"type-post","3":"status-publish","4":"format-standard","5":"has-post-thumbnail","7":"category-rubriker","8":"tag-breaking-news","9":"tag-breakingnews","10":"tag-featured-news","11":"tag-featurednews","12":"tag-headlines","13":"tag-huvudnyheter","14":"tag-latest-news","15":"tag-latestnews","16":"tag-main-news","17":"tag-mainnews","18":"tag-news","19":"tag-nyheter","20":"tag-organization-smhi","21":"tag-rubriker","22":"tag-se","23":"tag-sections-vader","24":"tag-svenska","25":"tag-sverige","26":"tag-sweden","27":"tag-swedish","28":"tag-top-stories","29":"tag-topic-hogtider","30":"tag-topic-nyarsafton","31":"tag-topic-vaderprognos","32":"tag-topstories"},"share_on_mastodon":{"url":"https:\/\/pubeurope.com\/@se\/115803582826601542","error":""},"_links":{"self":[{"href":"https:\/\/www.europesays.com\/se\/wp-json\/wp\/v2\/posts\/119934","targetHints":{"allow":["GET"]}}],"collection":[{"href":"https:\/\/www.europesays.com\/se\/wp-json\/wp\/v2\/posts"}],"about":[{"href":"https:\/\/www.europesays.com\/se\/wp-json\/wp\/v2\/types\/post"}],"author":[{"embeddable":true,"href":"https:\/\/www.europesays.com\/se\/wp-json\/wp\/v2\/users\/2"}],"replies":[{"embeddable":true,"href":"https:\/\/www.europesays.com\/se\/wp-json\/wp\/v2\/comments?post=119934"}],"version-history":[{"count":0,"href":"https:\/\/www.europesays.com\/se\/wp-json\/wp\/v2\/posts\/119934\/revisions"}],"wp:featuredmedia":[{"embeddable":true,"href":"https:\/\/www.europesays.com\/se\/wp-json\/wp\/v2\/media\/119935"}],"wp:attachment":[{"href":"https:\/\/www.europesays.com\/se\/wp-json\/wp\/v2\/media?parent=119934"}],"wp:term":[{"taxonomy":"category","embeddable":true,"href":"https:\/\/www.europesays.com\/se\/wp-json\/wp\/v2\/categories?post=119934"},{"taxonomy":"post_tag","embeddable":true,"href":"https:\/\/www.europesays.com\/se\/wp-json\/wp\/v2\/tags?post=119934"}],"curies":[{"name":"wp","href":"https:\/\/api.w.org\/{rel}","templated":true}]}}