{"id":119938,"date":"2025-12-29T15:38:25","date_gmt":"2025-12-29T15:38:25","guid":{"rendered":"https:\/\/www.europesays.com\/se\/119938\/"},"modified":"2025-12-29T15:38:25","modified_gmt":"2025-12-29T15:38:25","slug":"second-hand-forsaljningen-okar-i-november-enligt-svensk-handel","status":"publish","type":"post","link":"https:\/\/www.europesays.com\/se\/119938\/","title":{"rendered":"Second hand-f\u00f6rs\u00e4ljningen \u00f6kar i november enligt Svensk Handel"},"content":{"rendered":"<p class=\"css-176tai e10i1bew2\">Den totala second hand-f\u00f6rs\u00e4ljningen i november uppgick till n\u00e4rmare 1,3 miljarder kronor. Sett till perioden januari-november har dock f\u00f6rs\u00e4ljningen minskat med drygt 4 procent j\u00e4mf\u00f6rt med samma period f\u00f6rra \u00e5ret. <\/p>\n<p class=\"css-176tai e10i1bew2\">\u2013 Uppg\u00e5ngen i november \u00e4r ett v\u00e4lkommet tecken, \u00e4ven om det sammantaget har varit ett \u00e5r d\u00e4r second hand-f\u00f6rs\u00e4ljningen varit svagare \u00e4n i fjol. Samtidigt \u00e4r det viktigt att komma ih\u00e5g att variationer kan f\u00f6rekomma fr\u00e5n \u00e5r till \u00e5r. Vi ser second hand som en stark framtidsbransch, s\u00e4ger Maria Mikkonen, chefsekonom p\u00e5 Svensk Handel, i ett pressmeddelande.\u00a0<\/p>\n<p class=\"css-176tai e10i1bew2\">Samtidigt \u00f6kade den fysiska second hand-f\u00f6rs\u00e4ljningen med hela 45 procent till 450 miljoner kronor under november j\u00e4mf\u00f6rt med motsvarande period 2024. Dock har den fysiska f\u00f6rs\u00e4ljningen hittills i \u00e5r sjunkit med 10 procent. <\/p>\n<p class=\"css-176tai e10i1bew2\">\u2013 I november s\u00e5g vi ett tydligt skifte d\u00e4r fler valde att handla second hand i fysisk butik, samtidigt som f\u00f6rs\u00e4ljningen p\u00e5 n\u00e4tet minskade. Det visar hur konsumenterna r\u00f6r sig mellan de olika kanalerna och att de kompletterar varandra, s\u00e4ger Maria Mikkonen.<\/p>\n<p class=\"css-176tai e10i1bew2\"><strong>L\u00e4s mer: <\/strong><\/p>\n<p class=\"css-176tai e10i1bew2\"><strong><a href=\"https:\/\/www.market.se\/affarsnyheter\/forsaljning\/fran-stigma-till-status-morgondagens-secondhand-ar-har\/\" rel=\"nofollow noopener\" target=\"_blank\">Fr\u00e5n stigma till status \u2013 morgondagens secondhand \u00e4r h\u00e4r<\/a><\/strong><\/p>\n","protected":false},"excerpt":{"rendered":"Den totala second hand-f\u00f6rs\u00e4ljningen i november uppgick till n\u00e4rmare 1,3 miljarder kronor. Sett till perioden januari-november har dock&hellip;\n","protected":false},"author":2,"featured_media":119939,"comment_status":"","ping_status":"","sticky":false,"template":"","format":"standard","meta":{"footnotes":""},"categories":[65],"tags":[72,70,71,34,31,33,32,30],"class_list":{"0":"post-119938","1":"post","2":"type-post","3":"status-publish","4":"format-standard","5":"has-post-thumbnail","7":"category-ekonomi","8":"tag-business","9":"tag-economy","10":"tag-ekonomi","11":"tag-se","12":"tag-svenska","13":"tag-sverige","14":"tag-sweden","15":"tag-swedish"},"share_on_mastodon":{"url":"https:\/\/pubeurope.com\/@se\/115803606401745578","error":""},"_links":{"self":[{"href":"https:\/\/www.europesays.com\/se\/wp-json\/wp\/v2\/posts\/119938","targetHints":{"allow":["GET"]}}],"collection":[{"href":"https:\/\/www.europesays.com\/se\/wp-json\/wp\/v2\/posts"}],"about":[{"href":"https:\/\/www.europesays.com\/se\/wp-json\/wp\/v2\/types\/post"}],"author":[{"embeddable":true,"href":"https:\/\/www.europesays.com\/se\/wp-json\/wp\/v2\/users\/2"}],"replies":[{"embeddable":true,"href":"https:\/\/www.europesays.com\/se\/wp-json\/wp\/v2\/comments?post=119938"}],"version-history":[{"count":0,"href":"https:\/\/www.europesays.com\/se\/wp-json\/wp\/v2\/posts\/119938\/revisions"}],"wp:featuredmedia":[{"embeddable":true,"href":"https:\/\/www.europesays.com\/se\/wp-json\/wp\/v2\/media\/119939"}],"wp:attachment":[{"href":"https:\/\/www.europesays.com\/se\/wp-json\/wp\/v2\/media?parent=119938"}],"wp:term":[{"taxonomy":"category","embeddable":true,"href":"https:\/\/www.europesays.com\/se\/wp-json\/wp\/v2\/categories?post=119938"},{"taxonomy":"post_tag","embeddable":true,"href":"https:\/\/www.europesays.com\/se\/wp-json\/wp\/v2\/tags?post=119938"}],"curies":[{"name":"wp","href":"https:\/\/api.w.org\/{rel}","templated":true}]}}