{"id":119947,"date":"2025-12-29T15:51:27","date_gmt":"2025-12-29T15:51:27","guid":{"rendered":"https:\/\/www.europesays.com\/se\/119947\/"},"modified":"2025-12-29T15:51:27","modified_gmt":"2025-12-29T15:51:27","slug":"farjestad-vande-och-vann-mot-leksand-shl","status":"publish","type":"post","link":"https:\/\/www.europesays.com\/se\/119947\/","title":{"rendered":"F\u00e4rjestad v\u00e4nde och vann mot Leksand | SHL"},"content":{"rendered":"<p>Publicerad 28 dec 2025 kl 17.38Uppdaterad kl 17.56<\/p>\n<p>Leksands mardr\u00f6mssvit forts\u00e4tter.<\/p>\n<p>Efter att Filip Roos blivit F\u00e4rjestads hj\u00e4lte har de inte vunnit p\u00e5 hemmaplan sedan 1 november.<\/p>\n<p>\u2013 Det \u00e4r inte s\u00e5 ofta man g\u00f6r m\u00e5l, s\u00e4ger hj\u00e4lten efter dramat.<\/p>\n<p><img   alt=\"\"\/> <\/p>\n<p>Foto: DANIEL ERIKSSON \/ BILDBYR\u00c5N<\/p>\n<p>\u00d6ppna bild i helsk\u00e4rm<img loading=\"lazy\"   alt=\"\"\/> <\/p>\n<p>Foto: DANIEL ERIKSSON \/ BILDBYR\u00c5N<\/p>\n<p>\u00d6ppna bild i helsk\u00e4rm<\/p>\n<p>Klassikerm\u00f6te inf\u00f6r en fullsatt Tegera arena i mellandagarna.<\/p>\n<p>Med andra ord fanns det ingredienser f\u00f6r en het batalj mellan Leksand och F\u00e4rjestad.<\/p>\n<p>Men m\u00e5len uteblev.<\/p>\n<p>F\u00f6rsta perioden pr\u00e4glades mest av utvisningar, men f\u00f6rblev m\u00e5ll\u00f6s. Precis som mellanakten.<\/p>\n<p>Marcus Karlberg i hemmalaget hade sin teori om hur Leksand skulle f\u00e5 h\u00e5l p\u00e5 F\u00e4rjestad i den tredje.<\/p>\n<p>\u2013 De \u00e4r inte helt trygga. S\u00e5 fort man flyttar upp en kille och drar ut, d\u00e5 drar en kille upp. De v\u00e5gar inte dra p\u00e5 hela v\u00e4gen. Kan man h\u00e5lla i den och komma lite h\u00f6gt, d\u00e5 kommer deras kille backa hem.<\/p>\n<p>Leksand tappade allt<\/p>\n<p>Det lyckades de dessutom med.<\/p>\n<p>F\u00f6r med halva perioden spelad styrde Peter Cehl\u00e1rik in Joonas Lyytinens skott till 1\u20130. D\u00e4rmed gav slovaken svar p\u00e5 tal igen, genom att bli m\u00e5lskytt f\u00f6r andra matchen i rad efter att ha blivit av med kaptensrollen.<\/p>\n<p>D\u00e4refter jagade F\u00e4rjestad en kvittering \u2013 och lyckades.<\/p>\n<p>Joakim Nyg\u00e5rd kvitterade med 1.15 kvar och tog matchen till f\u00f6rl\u00e4ngning n\u00e4r Marcus Gidl\u00f6fs nolla spr\u00e4cktes.<\/p>\n<p>D\u00e4refter s\u00e5g det l\u00e4nge ut som att matchen skulle g\u00e5 till straffar, innan F\u00e4rjestad v\u00e4nde p\u00e5 spelet.<\/p>\n<p>D\u00e5 var det backen Filip Roos som avgjorde.<\/p>\n<p>\u2013 Det \u00e4r inte s\u00e5 ofta man g\u00f6r m\u00e5l. Men jag fick testa att skjuta och det gick, s\u00e4ger han i TV4 efter v\u00e4ndningen.<\/p>\n","protected":false},"excerpt":{"rendered":"Publicerad 28 dec 2025 kl 17.38Uppdaterad kl 17.56 Leksands mardr\u00f6mssvit forts\u00e4tter. Efter att Filip Roos blivit F\u00e4rjestads hj\u00e4lte&hellip;\n","protected":false},"author":2,"featured_media":119948,"comment_status":"","ping_status":"","sticky":false,"template":"","format":"standard","meta":{"footnotes":""},"categories":[68],"tags":[2939,1014,34,255,823,111,110,31,33,32,30],"class_list":{"0":"post-119947","1":"post","2":"type-post","3":"status-publish","4":"format-standard","5":"has-post-thumbnail","7":"category-sport","8":"tag-organization-farjestad-bk","9":"tag-organization-leksands-if","10":"tag-se","11":"tag-sections-ishockey","12":"tag-sections-shl","13":"tag-sport","14":"tag-sports","15":"tag-svenska","16":"tag-sverige","17":"tag-sweden","18":"tag-swedish"},"share_on_mastodon":{"url":"https:\/\/pubeurope.com\/@se\/115803657560376729","error":""},"_links":{"self":[{"href":"https:\/\/www.europesays.com\/se\/wp-json\/wp\/v2\/posts\/119947","targetHints":{"allow":["GET"]}}],"collection":[{"href":"https:\/\/www.europesays.com\/se\/wp-json\/wp\/v2\/posts"}],"about":[{"href":"https:\/\/www.europesays.com\/se\/wp-json\/wp\/v2\/types\/post"}],"author":[{"embeddable":true,"href":"https:\/\/www.europesays.com\/se\/wp-json\/wp\/v2\/users\/2"}],"replies":[{"embeddable":true,"href":"https:\/\/www.europesays.com\/se\/wp-json\/wp\/v2\/comments?post=119947"}],"version-history":[{"count":0,"href":"https:\/\/www.europesays.com\/se\/wp-json\/wp\/v2\/posts\/119947\/revisions"}],"wp:featuredmedia":[{"embeddable":true,"href":"https:\/\/www.europesays.com\/se\/wp-json\/wp\/v2\/media\/119948"}],"wp:attachment":[{"href":"https:\/\/www.europesays.com\/se\/wp-json\/wp\/v2\/media?parent=119947"}],"wp:term":[{"taxonomy":"category","embeddable":true,"href":"https:\/\/www.europesays.com\/se\/wp-json\/wp\/v2\/categories?post=119947"},{"taxonomy":"post_tag","embeddable":true,"href":"https:\/\/www.europesays.com\/se\/wp-json\/wp\/v2\/tags?post=119947"}],"curies":[{"name":"wp","href":"https:\/\/api.w.org\/{rel}","templated":true}]}}