{"id":119949,"date":"2025-12-29T15:54:19","date_gmt":"2025-12-29T15:54:19","guid":{"rendered":"https:\/\/www.europesays.com\/se\/119949\/"},"modified":"2025-12-29T15:54:19","modified_gmt":"2025-12-29T15:54:19","slug":"intellegos-ex-vd-fick-miljonbonus-dagar-fore-gripandet","status":"publish","type":"post","link":"https:\/\/www.europesays.com\/se\/119949\/","title":{"rendered":"Intellegos ex-vd fick miljonbonus dagar f\u00f6re gripandet"},"content":{"rendered":"<p>Det krisande UV-teknikbolaget Intellego betalade i november ut en resultatbaserad miljonbonus till bolagets d\u00e5varande vd Claes Lindahl, som senare har sparkats och misst\u00e4nks f\u00f6r brott.<\/p>\n<p>Det uppger Intellegos tillf\u00f6rordnade vd Jacob Laurin f\u00f6r Di och bekr\u00e4ftar d\u00e4rmed uppgifter som cirkulerade i sociala medier p\u00e5 m\u00e5ndagen. Han till\u00e4gger att bolaget nu kr\u00e4ver att bonusen betalas tillbaka.<\/p>\n<p><strong class=\"global-xxs-bold\">Uppdaterad:<\/strong> 29 december 2025, 15:33<strong class=\"global-xxs-bold\">Publicerad:<\/strong> 29 december 2025, 13:59<\/p>\n<p>Spara<\/p>\n","protected":false},"excerpt":{"rendered":"Det krisande UV-teknikbolaget Intellego betalade i november ut en resultatbaserad miljonbonus till bolagets d\u00e5varande vd Claes Lindahl, som&hellip;\n","protected":false},"author":2,"featured_media":119950,"comment_status":"","ping_status":"","sticky":false,"template":"","format":"standard","meta":{"footnotes":""},"categories":[65],"tags":[72,70,71,34,31,33,32,30],"class_list":{"0":"post-119949","1":"post","2":"type-post","3":"status-publish","4":"format-standard","5":"has-post-thumbnail","7":"category-ekonomi","8":"tag-business","9":"tag-economy","10":"tag-ekonomi","11":"tag-se","12":"tag-svenska","13":"tag-sverige","14":"tag-sweden","15":"tag-swedish"},"share_on_mastodon":{"url":"https:\/\/pubeurope.com\/@se\/115803669405992383","error":""},"_links":{"self":[{"href":"https:\/\/www.europesays.com\/se\/wp-json\/wp\/v2\/posts\/119949","targetHints":{"allow":["GET"]}}],"collection":[{"href":"https:\/\/www.europesays.com\/se\/wp-json\/wp\/v2\/posts"}],"about":[{"href":"https:\/\/www.europesays.com\/se\/wp-json\/wp\/v2\/types\/post"}],"author":[{"embeddable":true,"href":"https:\/\/www.europesays.com\/se\/wp-json\/wp\/v2\/users\/2"}],"replies":[{"embeddable":true,"href":"https:\/\/www.europesays.com\/se\/wp-json\/wp\/v2\/comments?post=119949"}],"version-history":[{"count":0,"href":"https:\/\/www.europesays.com\/se\/wp-json\/wp\/v2\/posts\/119949\/revisions"}],"wp:featuredmedia":[{"embeddable":true,"href":"https:\/\/www.europesays.com\/se\/wp-json\/wp\/v2\/media\/119950"}],"wp:attachment":[{"href":"https:\/\/www.europesays.com\/se\/wp-json\/wp\/v2\/media?parent=119949"}],"wp:term":[{"taxonomy":"category","embeddable":true,"href":"https:\/\/www.europesays.com\/se\/wp-json\/wp\/v2\/categories?post=119949"},{"taxonomy":"post_tag","embeddable":true,"href":"https:\/\/www.europesays.com\/se\/wp-json\/wp\/v2\/tags?post=119949"}],"curies":[{"name":"wp","href":"https:\/\/api.w.org\/{rel}","templated":true}]}}