{"id":119964,"date":"2025-12-29T16:09:07","date_gmt":"2025-12-29T16:09:07","guid":{"rendered":"https:\/\/www.europesays.com\/se\/119964\/"},"modified":"2025-12-29T16:09:07","modified_gmt":"2025-12-29T16:09:07","slug":"beyonces-nya-rekord-har-blivit-miljardar","status":"publish","type":"post","link":"https:\/\/www.europesays.com\/se\/119964\/","title":{"rendered":"Beyonc\u00e9s nya rekord\n\u2013 har blivit miljard\u00e4r"},"content":{"rendered":"<p>Publicerad 29 dec 2025 kl 16.42<\/p>\n<p>Beyonc\u00e9 \u00e4r officiellt miljard\u00e4r, rapporterar <a href=\"https:\/\/www.forbes.com\/sites\/mattcraig\/2025\/12\/23\/beyonce-is-now-a-billionaire\/\" rel=\"nofollow noopener\" target=\"_blank\">Forbes<\/a>.\u00a0<\/p>\n<p>Hon blir den femte artisten att ta sig \u00f6ver miljardstrecket \u2013\u00a0d\u00e4r maken Jay-Z redan finns.<\/p>\n<p>Senaste n\u00f6jesklippen fr\u00e5n Expressen.<img   alt=\"\"\/><\/p>\n<p>Beyonc\u00e9s v\u00e4rldsturn\u00e9 drog in omkring 400 miljoner dollar i biljettint\u00e4kter, och 50 miljoner i f\u00f6rs\u00e4ljning av merch.<\/p>\n<p>Foto: AP TT NYHETSBYR\u00c5N<\/p>\n<p>\u00d6ppna bild i helsk\u00e4rm<img loading=\"lazy\"   alt=\"\"\/><\/p>\n<p>Nu g\u00f6r hon maken Jay-Z s\u00e4llskap i miljard\u00e4rsklubben.<\/p>\n<p>Foto: REX\/IBL<\/p>\n<p>\u00d6ppna bild i helsk\u00e4rm<\/p>\n<p>2025 blev ett succ\u00e9\u00e5r f\u00f6r den amerikanska artisten Beyonc\u00e9, 44. Och kanske \u00e4r det tack vare den nya countrygenren som hon tagit sig an, skriver <a href=\"https:\/\/www.forbes.com\/sites\/mattcraig\/2025\/12\/23\/beyonce-is-now-a-billionaire\/\" rel=\"nofollow noopener\" target=\"_blank\">Forbes<\/a>.\u00a0<\/p>\n<p>Enligt tidningen drog v\u00e4rldsturn\u00e9n Cowboy Carter Tour in totalt 400 miljoner dollar i biljettint\u00e4kter, och 50 miljoner dollar fr\u00e5n f\u00f6rs\u00e4ljning av merch i samband med spelningarna.\u00a0<\/p>\n<p>Pengarna g\u00e5r inte rakt ner i v\u00e4rldsartistens ficka, utan hamnar i hennes produktionsbolag Parkwood Entertainment.\u00a0<\/p>\n<p>Bolaget kontrollerar n\u00e4stan hela hennes karri\u00e4r. Fr\u00e5n musik och dokument\u00e4rer till live-produktioner, och hon har tagit ut en enorm andel av vinsterna genom \u00e5ren.\u00a0<\/p>\n<p>Femte artisten att bli miljard\u00e4r<\/p>\n<p>Forbes uppskattar att <a href=\"https:\/\/www.expressen.se\/tagg\/person\/beyonce\/\" class=\"\" rel=\"nofollow noopener\" target=\"_blank\">Beyonc\u00e9<\/a> tj\u00e4nade omkring 148 miljoner dollar under \u00e5ret som g\u00e5tt, vilket g\u00f6r henne till en av v\u00e4rldens b\u00e4st betalade artister.\u00a0<\/p>\n<p>Det motsvarar omkring 1,4 miljarder svenska kronor.\u00a0<\/p>\n<p>Nu \u00e4r hon officiellt miljard\u00e4r, och hon blir den femte artisten att ta sig \u00f6ver miljardstrecket. Med i klubben finns redan hennes make, artisten Jay-Z, Taylor Swift, Rihanna och Bruce Springsteen.<\/p>\n","protected":false},"excerpt":{"rendered":"Publicerad 29 dec 2025 kl 16.42 Beyonc\u00e9 \u00e4r officiellt miljard\u00e4r, rapporterar Forbes.\u00a0 Hon blir den femte artisten att&hellip;\n","protected":false},"author":2,"featured_media":119965,"comment_status":"","ping_status":"","sticky":false,"template":"","format":"standard","meta":{"footnotes":""},"categories":[67],"tags":[104,12787,12788,34,775,31,33,32,30,402,310,105],"class_list":{"0":"post-119964","1":"post","2":"type-post","3":"status-publish","4":"format-standard","5":"has-post-thumbnail","7":"category-underhallning","8":"tag-entertainment","9":"tag-person-beyonce","10":"tag-person-jay-z","11":"tag-se","12":"tag-sections-musik","13":"tag-svenska","14":"tag-sverige","15":"tag-sweden","16":"tag-swedish","17":"tag-topic-artister","18":"tag-topic-kandisar","19":"tag-underhallning"},"share_on_mastodon":{"url":"https:\/\/pubeurope.com\/@se\/115803728309473418","error":""},"_links":{"self":[{"href":"https:\/\/www.europesays.com\/se\/wp-json\/wp\/v2\/posts\/119964","targetHints":{"allow":["GET"]}}],"collection":[{"href":"https:\/\/www.europesays.com\/se\/wp-json\/wp\/v2\/posts"}],"about":[{"href":"https:\/\/www.europesays.com\/se\/wp-json\/wp\/v2\/types\/post"}],"author":[{"embeddable":true,"href":"https:\/\/www.europesays.com\/se\/wp-json\/wp\/v2\/users\/2"}],"replies":[{"embeddable":true,"href":"https:\/\/www.europesays.com\/se\/wp-json\/wp\/v2\/comments?post=119964"}],"version-history":[{"count":0,"href":"https:\/\/www.europesays.com\/se\/wp-json\/wp\/v2\/posts\/119964\/revisions"}],"wp:featuredmedia":[{"embeddable":true,"href":"https:\/\/www.europesays.com\/se\/wp-json\/wp\/v2\/media\/119965"}],"wp:attachment":[{"href":"https:\/\/www.europesays.com\/se\/wp-json\/wp\/v2\/media?parent=119964"}],"wp:term":[{"taxonomy":"category","embeddable":true,"href":"https:\/\/www.europesays.com\/se\/wp-json\/wp\/v2\/categories?post=119964"},{"taxonomy":"post_tag","embeddable":true,"href":"https:\/\/www.europesays.com\/se\/wp-json\/wp\/v2\/tags?post=119964"}],"curies":[{"name":"wp","href":"https:\/\/api.w.org\/{rel}","templated":true}]}}