{"id":119966,"date":"2025-12-29T16:11:30","date_gmt":"2025-12-29T16:11:30","guid":{"rendered":"https:\/\/www.europesays.com\/se\/119966\/"},"modified":"2025-12-29T16:11:30","modified_gmt":"2025-12-29T16:11:30","slug":"inget-originalinnehall-kvar-ai-nara-kollaps-svd","status":"publish","type":"post","link":"https:\/\/www.europesays.com\/se\/119966\/","title":{"rendered":"\u201dInget originalinneh\u00e5ll kvar\u201d \u2013 AI n\u00e4ra kollaps &#8211; SvD"},"content":{"rendered":"<ol>\n<li><a href=\"https:\/\/news.google.com\/rss\/articles\/CBMif0FVX3lxTE42TDY5WjMwLVcxbWZSaDZBRU5nOXlKVFl0cTFkUlhfZDZ4UUphNE9KSGN0V3dMLTVyakhub0ZHZC1uczlFZkJQcHB4YktIWWpIWDlTZEtpeFFZMHpmblpxRW9xcFRqa3REd25hei1heERBdG9fY1lIZUVUQ0VjNkU?oc=5\" target=\"_blank\" rel=\"nofollow noopener\">\u201dInget originalinneh\u00e5ll kvar\u201d \u2013 AI n\u00e4ra kollaps<\/a>&nbsp;&nbsp;SvD<\/li>\n<li><a href=\"https:\/\/news.google.com\/rss\/articles\/CBMiiwFBVV95cUxQeFRrd1VURmgybHBYTXJUeWtGYzNQeXhRc3U1UnNQdVZPS3NCZjB5Nmd3T0szalNSUHNvazRrMjlyUE1sdkRHbVRUMHRGR3VzME5IeW1Md1N5b3p3RGpYR2c5cndLdGRUVS0yVlo2bkc5bmZaSXlEeG54NFBwTmFzMnJtQi10ckY3cUtV?oc=5\" target=\"_blank\" rel=\"nofollow noopener\">Professorns varning: AI har f\u00f6rbrukat allt originalmaterial<\/a>&nbsp;&nbsp;Omni<\/li>\n<li><a href=\"https:\/\/news.google.com\/rss\/articles\/CBMidkFVX3lxTE5QYTZnOUs5eU9HbHZCZ0dDaVh4QXp6MzN0ZkRESS1GdjhuNEV4WEFnZUZXY21DaF9fb3BoQjdtd2ZUMFlGLTdUcTFyU0lmQlNnVGdqNlQxa1hvNTdOcFRoUFFobk1ma2NvN2tpSE5qTmxwNXY4c1E?oc=5\" target=\"_blank\" rel=\"nofollow noopener\">Rekord\u00e5r f\u00f6r f\u00f6retagsobligationer v\u00e4ntar<\/a>&nbsp;&nbsp;DI<\/li>\n<li><a href=\"https:\/\/news.google.com\/rss\/articles\/CBMitgFBVV95cUxQX01Xcm5fWjZUQXBiVEFQZUtramItN0JsUF9KMF9fZVJjWDBJT2l5NVFrMTdHVGNUVHhjR1BvZVg2dDZNTGZITDlCRWRJUjRBWWwtSWpkX1Y0RXVCOUp4bzY0LWhzZzd1T1ROMFlPX05QMVBPOHliQllfREdBVFo1T0pXYUtKYk1zQmpacUxSWENPWWVJenJrSXREemlWdFkyT19TSlI0enhvWi12cF9veThMUHV5dw?oc=5\" target=\"_blank\" rel=\"nofollow noopener\">Kan orsaka &#8221;global kollaps av ofattbara proportioner&#8221; \u2013 stora riskomr\u00e5den pekas ut<\/a>&nbsp;&nbsp;B\u00f6rskollen<\/li>\n<li><a href=\"https:\/\/news.google.com\/rss\/articles\/CBMijwFBVV95cUxPU3VjTk5wWDZoOVlQRTZ5Wm9VdmQxQ3Z1dk5VZGJON1ZsUHFKRjUxVFBHRHlYMnhYVWMwa2dCZGQxWkw1bFJ5QWg4MDNRMFRxcWtwNDVMbjgxQmQ3QlFLZXBRN2FmWmRRckdfOVFQTkFvRjMzbXRmNDByV201b0JJVnQ3ZXN0akhfckVrSXp2QQ?oc=5\" target=\"_blank\" rel=\"nofollow noopener\">AI p\u00e5 v\u00e4g mot kollaps \u2013 tar v\u00e5ra hj\u00e4rnor med sig<\/a>&nbsp;&nbsp;Ystads Allehanda<\/li>\n<\/ol>\n","protected":false},"excerpt":{"rendered":"\u201dInget originalinneh\u00e5ll kvar\u201d \u2013 AI n\u00e4ra kollaps&nbsp;&nbsp;SvD Professorns varning: AI har f\u00f6rbrukat allt originalmaterial&nbsp;&nbsp;Omni Rekord\u00e5r f\u00f6r f\u00f6retagsobligationer v\u00e4ntar&nbsp;&nbsp;DI&hellip;\n","protected":false},"author":2,"featured_media":119967,"comment_status":"","ping_status":"","sticky":false,"template":"","format":"standard","meta":{"footnotes":""},"categories":[65],"tags":[72,70,71,34,31,33,32,30],"class_list":{"0":"post-119966","1":"post","2":"type-post","3":"status-publish","4":"format-standard","5":"has-post-thumbnail","7":"category-ekonomi","8":"tag-business","9":"tag-economy","10":"tag-ekonomi","11":"tag-se","12":"tag-svenska","13":"tag-sverige","14":"tag-sweden","15":"tag-swedish"},"share_on_mastodon":{"url":"https:\/\/pubeurope.com\/@se\/115803736192765533","error":""},"_links":{"self":[{"href":"https:\/\/www.europesays.com\/se\/wp-json\/wp\/v2\/posts\/119966","targetHints":{"allow":["GET"]}}],"collection":[{"href":"https:\/\/www.europesays.com\/se\/wp-json\/wp\/v2\/posts"}],"about":[{"href":"https:\/\/www.europesays.com\/se\/wp-json\/wp\/v2\/types\/post"}],"author":[{"embeddable":true,"href":"https:\/\/www.europesays.com\/se\/wp-json\/wp\/v2\/users\/2"}],"replies":[{"embeddable":true,"href":"https:\/\/www.europesays.com\/se\/wp-json\/wp\/v2\/comments?post=119966"}],"version-history":[{"count":0,"href":"https:\/\/www.europesays.com\/se\/wp-json\/wp\/v2\/posts\/119966\/revisions"}],"wp:featuredmedia":[{"embeddable":true,"href":"https:\/\/www.europesays.com\/se\/wp-json\/wp\/v2\/media\/119967"}],"wp:attachment":[{"href":"https:\/\/www.europesays.com\/se\/wp-json\/wp\/v2\/media?parent=119966"}],"wp:term":[{"taxonomy":"category","embeddable":true,"href":"https:\/\/www.europesays.com\/se\/wp-json\/wp\/v2\/categories?post=119966"},{"taxonomy":"post_tag","embeddable":true,"href":"https:\/\/www.europesays.com\/se\/wp-json\/wp\/v2\/tags?post=119966"}],"curies":[{"name":"wp","href":"https:\/\/api.w.org\/{rel}","templated":true}]}}