{"id":119969,"date":"2025-12-29T16:14:11","date_gmt":"2025-12-29T16:14:11","guid":{"rendered":"https:\/\/www.europesays.com\/se\/119969\/"},"modified":"2025-12-29T16:14:11","modified_gmt":"2025-12-29T16:14:11","slug":"tva-dog-i-ko-till-hjarnkirurgi-pa-sahlgrenska-lakartidningen","status":"publish","type":"post","link":"https:\/\/www.europesays.com\/se\/119969\/","title":{"rendered":"Tv\u00e5 dog i k\u00f6 till hj\u00e4rnkirurgi p\u00e5 Sahlgrenska \u2013 L\u00e4kartidningen"},"content":{"rendered":"<p>\t\t\t\t<img alt=\"\" class=\"MediaWrapper-content BodyImage-imageObject\" src=\"https:\/\/www.europesays.com\/se\/wp-content\/uploads\/2025\/12\/img-1353.jpg\" data-lazy-load-target=\"content\" width=\"1060\" height=\"706\" loading=\"eager\" decoding=\"async\" fetchpriority=\"high\"\/><\/p>\n<p>\t\t\t\t\t\t\tFoto: Lisa Castilla\n\t\t\t\t\t\t\t\t\t<\/p>\n<p>Ytterligare en patient fick en synskada n\u00e4r en tum\u00f6r inte kunde opereras i tid. Samtliga hade v\u00e4ntat i mer \u00e4n fem m\u00e5nader, visar en granskning av sjukhusets egna lex Maria-anm\u00e4lningar de senaste tre \u00e5ren som <a href=\"https:\/\/www.sverigesradio.se\/artikel\/koer-till-hjarnkirurgi-pa-su-flera-doda-i-vantan-pa-operation\" data-type=\"link\" data-id=\"https:\/\/www.sverigesradio.se\/artikel\/koer-till-hjarnkirurgi-pa-su-flera-doda-i-vantan-pa-operation\" rel=\"nofollow noopener\" target=\"_blank\">P4<\/a> gjort.<\/p>\n<p>Att patienter fick v\u00e4nta s\u00e5 l\u00e4nge beror bland annat p\u00e5 att det bildats en k\u00f6 under pandemin.<\/p>\n<p>\n\t\tAnnons\t\t\t<\/p>\n<p>\t\t<a href=\"https:\/\/karriar.aleris.se\/jobs\/6934715-specialistlakare-till-aleris-asih-sodertalje-huddinge\" data-ad-target=\"link\" class=\"Ad-content\" rel=\"sponsored nofollow noopener\" target=\"_blank\"><\/p>\n<p>\t\t\t\t<img alt=\"Annons\" class=\"MediaWrapper-content Ad-image\" src=\"https:\/\/www.europesays.com\/se\/wp-content\/uploads\/2025\/12\/1767024851_701_banner1404x720.jpg\" data-lazy-load-target=\"content\" width=\"468\" height=\"240\" loading=\"lazy\" decoding=\"async\" fetchpriority=\"auto\"\/><\/p>\n<p>\t\t<\/a><\/p>\n<p>\u2013 Detta var i kombination med att det saknades nyckelpersonal p\u00e5 operationsavdelningarna, fr\u00e4mst operationssjuksk\u00f6terskor, s\u00e4ger Magnus Brink, chefl\u00e4kare med ansvar f\u00f6r neurosjukv\u00e5rden vid Sahlgrenska, till P4.<\/p>\n<p>K\u00f6n var som l\u00e4ngst under 2022 och 2023.<\/p>\n<p>\u2013 Vi r\u00f6r oss \u00e5t r\u00e4tt h\u00e5ll, operationsk\u00f6erna har minskat v\u00e4sentligt och det har p\u00e5 ett annat s\u00e4tt varit m\u00f6jligt att operera h\u00f6gprioriterade fall i tid, s\u00e4ger Brink.<\/p>\n","protected":false},"excerpt":{"rendered":"Foto: Lisa Castilla Ytterligare en patient fick en synskada n\u00e4r en tum\u00f6r inte kunde opereras i tid. Samtliga&hellip;\n","protected":false},"author":2,"featured_media":119970,"comment_status":"","ping_status":"","sticky":false,"template":"","format":"standard","meta":{"footnotes":""},"categories":[5],"tags":[22,23,26,27,17,21,24,25,28,29,15,16,18,34,31,33,32,30,19,20],"class_list":{"0":"post-119969","1":"post","2":"type-post","3":"status-publish","4":"format-standard","5":"has-post-thumbnail","7":"category-rubriker","8":"tag-breaking-news","9":"tag-breakingnews","10":"tag-featured-news","11":"tag-featurednews","12":"tag-headlines","13":"tag-huvudnyheter","14":"tag-latest-news","15":"tag-latestnews","16":"tag-main-news","17":"tag-mainnews","18":"tag-news","19":"tag-nyheter","20":"tag-rubriker","21":"tag-se","22":"tag-svenska","23":"tag-sverige","24":"tag-sweden","25":"tag-swedish","26":"tag-top-stories","27":"tag-topstories"},"share_on_mastodon":{"url":"https:\/\/pubeurope.com\/@se\/115803748006077381","error":""},"_links":{"self":[{"href":"https:\/\/www.europesays.com\/se\/wp-json\/wp\/v2\/posts\/119969","targetHints":{"allow":["GET"]}}],"collection":[{"href":"https:\/\/www.europesays.com\/se\/wp-json\/wp\/v2\/posts"}],"about":[{"href":"https:\/\/www.europesays.com\/se\/wp-json\/wp\/v2\/types\/post"}],"author":[{"embeddable":true,"href":"https:\/\/www.europesays.com\/se\/wp-json\/wp\/v2\/users\/2"}],"replies":[{"embeddable":true,"href":"https:\/\/www.europesays.com\/se\/wp-json\/wp\/v2\/comments?post=119969"}],"version-history":[{"count":0,"href":"https:\/\/www.europesays.com\/se\/wp-json\/wp\/v2\/posts\/119969\/revisions"}],"wp:featuredmedia":[{"embeddable":true,"href":"https:\/\/www.europesays.com\/se\/wp-json\/wp\/v2\/media\/119970"}],"wp:attachment":[{"href":"https:\/\/www.europesays.com\/se\/wp-json\/wp\/v2\/media?parent=119969"}],"wp:term":[{"taxonomy":"category","embeddable":true,"href":"https:\/\/www.europesays.com\/se\/wp-json\/wp\/v2\/categories?post=119969"},{"taxonomy":"post_tag","embeddable":true,"href":"https:\/\/www.europesays.com\/se\/wp-json\/wp\/v2\/tags?post=119969"}],"curies":[{"name":"wp","href":"https:\/\/api.w.org\/{rel}","templated":true}]}}