{"id":119973,"date":"2025-12-29T16:17:09","date_gmt":"2025-12-29T16:17:09","guid":{"rendered":"https:\/\/www.europesays.com\/se\/119973\/"},"modified":"2025-12-29T16:17:09","modified_gmt":"2025-12-29T16:17:09","slug":"profilerna-som-lamnat-oss-2025-ystads-allehanda","status":"publish","type":"post","link":"https:\/\/www.europesays.com\/se\/119973\/","title":{"rendered":"Profilerna som l\u00e4mnat oss 2025 \u2013 Ystads Allehanda"},"content":{"rendered":"<p>Om Ystads Allehanda<\/p>\n<p class=\"site-footer__about-text txt-ui txt-ui-2\">Ystads Allehanda grundades 1873 av Axel Bjurstr\u00f6m. I 150 \u00e5r har tidningen varit den sj\u00e4lvklara nyhetsf\u00f6rmedlaren i syd\u00f6stra Sk\u00e5ne.<br \/>\n    I dag \u00e4r Ystads Allehanda ett modernt mediehus som dels ger ut en printidning sex dagar i veckan men framf\u00f6r allt rapporterar senaste nytt dygnet runt, 365 dagar om \u00e5ret.<br \/>\n    V\u00e5rt fokus \u00e4r granskande journalistik med lokal n\u00e4rvaro i Ystad, Simrishamn, Tomelilla, Sj\u00f6bo och Skurups kommuner.<\/p>\n","protected":false},"excerpt":{"rendered":"Om Ystads Allehanda Ystads Allehanda grundades 1873 av Axel Bjurstr\u00f6m. I 150 \u00e5r har tidningen varit den sj\u00e4lvklara&hellip;\n","protected":false},"author":2,"featured_media":119974,"comment_status":"","ping_status":"","sticky":false,"template":"","format":"standard","meta":{"footnotes":""},"categories":[67],"tags":[104,34,31,33,32,30,105],"class_list":{"0":"post-119973","1":"post","2":"type-post","3":"status-publish","4":"format-standard","5":"has-post-thumbnail","7":"category-underhallning","8":"tag-entertainment","9":"tag-se","10":"tag-svenska","11":"tag-sverige","12":"tag-sweden","13":"tag-swedish","14":"tag-underhallning"},"share_on_mastodon":{"url":"https:\/\/pubeurope.com\/@se\/115803759767733407","error":""},"_links":{"self":[{"href":"https:\/\/www.europesays.com\/se\/wp-json\/wp\/v2\/posts\/119973","targetHints":{"allow":["GET"]}}],"collection":[{"href":"https:\/\/www.europesays.com\/se\/wp-json\/wp\/v2\/posts"}],"about":[{"href":"https:\/\/www.europesays.com\/se\/wp-json\/wp\/v2\/types\/post"}],"author":[{"embeddable":true,"href":"https:\/\/www.europesays.com\/se\/wp-json\/wp\/v2\/users\/2"}],"replies":[{"embeddable":true,"href":"https:\/\/www.europesays.com\/se\/wp-json\/wp\/v2\/comments?post=119973"}],"version-history":[{"count":0,"href":"https:\/\/www.europesays.com\/se\/wp-json\/wp\/v2\/posts\/119973\/revisions"}],"wp:featuredmedia":[{"embeddable":true,"href":"https:\/\/www.europesays.com\/se\/wp-json\/wp\/v2\/media\/119974"}],"wp:attachment":[{"href":"https:\/\/www.europesays.com\/se\/wp-json\/wp\/v2\/media?parent=119973"}],"wp:term":[{"taxonomy":"category","embeddable":true,"href":"https:\/\/www.europesays.com\/se\/wp-json\/wp\/v2\/categories?post=119973"},{"taxonomy":"post_tag","embeddable":true,"href":"https:\/\/www.europesays.com\/se\/wp-json\/wp\/v2\/tags?post=119973"}],"curies":[{"name":"wp","href":"https:\/\/api.w.org\/{rel}","templated":true}]}}