{"id":119977,"date":"2025-12-29T16:20:08","date_gmt":"2025-12-29T16:20:08","guid":{"rendered":"https:\/\/www.europesays.com\/se\/119977\/"},"modified":"2025-12-29T16:20:08","modified_gmt":"2025-12-29T16:20:08","slug":"hamas-bekraftar-talesperson-dodad","status":"publish","type":"post","link":"https:\/\/www.europesays.com\/se\/119977\/","title":{"rendered":"Hamas bekr\u00e4ftar: Talesperson d\u00f6dad"},"content":{"rendered":"<p>share-arrowDela<\/p>\n<p>unsaveSpara<\/p>\n<p>expand-left<\/p>\n<p>helsk\u00e4rm<img decoding=\"async\" class=\"image-asset hyperion-css-u06ts1\" data-test-tag=\"image-asset\" src=\"https:\/\/www.europesays.com\/se\/wp-content\/uploads\/2025\/12\/03abaec5-2b65-488c-9ce8-12c3017276fe.jpeg\"  alt=\"Medlemmar fr\u00e5n Hamas v\u00e4pnade gren al-Qassam-brigaderna i Gaza stad tidigare i \u00e5r. Arkivbild.\"  loading=\"eager\" fetchpriority=\"high\" style=\"aspect-ratio:1900 \/ 1267\"\/>Medlemmar fr\u00e5n Hamas v\u00e4pnade gren al-Qassam-brigaderna i Gaza stad tidigare i \u00e5r. Arkivbild. Foto: Abed Hajjar\/AP\/TT<\/p>\n<p class=\"hyperion-css-1shl3oz\" data-test-tag=\"lead-text\">Hamas tidigare talesperson Abu Obeida \u00e4r d\u00f6d, bekr\u00e4ftar den terrorst\u00e4mplade r\u00f6relsen.<\/p>\n<p class=\"hyperion-css-1v9qo5x\">Israel uppgav i augusti att Obeida d\u00f6dats i ett flygangrepp mot Gaza.<\/p>\n<p class=\"hyperion-css-1v9qo5x\">Hamas har tidigare inte kommenterar uppgiften, men p\u00e5 m\u00e5ndagen publicerade dess v\u00e4pnade gren al-Qassam-brigaderna ett videouttalande via Telegram d\u00e4r d\u00f6dsfallet bekr\u00e4ftas.<\/p>\n","protected":false},"excerpt":{"rendered":"share-arrowDela unsaveSpara expand-left helsk\u00e4rmMedlemmar fr\u00e5n Hamas v\u00e4pnade gren al-Qassam-brigaderna i Gaza stad tidigare i \u00e5r. Arkivbild. Foto: Abed&hellip;\n","protected":false},"author":2,"featured_media":119978,"comment_status":"","ping_status":"","sticky":false,"template":"","format":"standard","meta":{"footnotes":""},"categories":[14],"tags":[22,23,26,27,17,21,24,25,28,29,15,16,18,34,31,33,32,30,19,20,51,52,53,54],"class_list":{"0":"post-119977","1":"post","2":"type-post","3":"status-publish","4":"format-standard","5":"has-post-thumbnail","7":"category-varlden","8":"tag-breaking-news","9":"tag-breakingnews","10":"tag-featured-news","11":"tag-featurednews","12":"tag-headlines","13":"tag-huvudnyheter","14":"tag-latest-news","15":"tag-latestnews","16":"tag-main-news","17":"tag-mainnews","18":"tag-news","19":"tag-nyheter","20":"tag-rubriker","21":"tag-se","22":"tag-svenska","23":"tag-sverige","24":"tag-sweden","25":"tag-swedish","26":"tag-top-stories","27":"tag-topstories","28":"tag-varlden","29":"tag-world","30":"tag-world-news","31":"tag-worldnews"},"share_on_mastodon":{"url":"https:\/\/pubeurope.com\/@se\/115803771574468235","error":""},"_links":{"self":[{"href":"https:\/\/www.europesays.com\/se\/wp-json\/wp\/v2\/posts\/119977","targetHints":{"allow":["GET"]}}],"collection":[{"href":"https:\/\/www.europesays.com\/se\/wp-json\/wp\/v2\/posts"}],"about":[{"href":"https:\/\/www.europesays.com\/se\/wp-json\/wp\/v2\/types\/post"}],"author":[{"embeddable":true,"href":"https:\/\/www.europesays.com\/se\/wp-json\/wp\/v2\/users\/2"}],"replies":[{"embeddable":true,"href":"https:\/\/www.europesays.com\/se\/wp-json\/wp\/v2\/comments?post=119977"}],"version-history":[{"count":0,"href":"https:\/\/www.europesays.com\/se\/wp-json\/wp\/v2\/posts\/119977\/revisions"}],"wp:featuredmedia":[{"embeddable":true,"href":"https:\/\/www.europesays.com\/se\/wp-json\/wp\/v2\/media\/119978"}],"wp:attachment":[{"href":"https:\/\/www.europesays.com\/se\/wp-json\/wp\/v2\/media?parent=119977"}],"wp:term":[{"taxonomy":"category","embeddable":true,"href":"https:\/\/www.europesays.com\/se\/wp-json\/wp\/v2\/categories?post=119977"},{"taxonomy":"post_tag","embeddable":true,"href":"https:\/\/www.europesays.com\/se\/wp-json\/wp\/v2\/tags?post=119977"}],"curies":[{"name":"wp","href":"https:\/\/api.w.org\/{rel}","templated":true}]}}