{"id":119979,"date":"2025-12-29T16:22:34","date_gmt":"2025-12-29T16:22:34","guid":{"rendered":"https:\/\/www.europesays.com\/se\/119979\/"},"modified":"2025-12-29T16:22:34","modified_gmt":"2025-12-29T16:22:34","slug":"fira-in-det-nya-aret-pa-ett-tryggt-satt-svedala-kommun","status":"publish","type":"post","link":"https:\/\/www.europesays.com\/se\/119979\/","title":{"rendered":"Fira in det nya \u00e5ret p\u00e5 ett tryggt s\u00e4tt! &#8211; Svedala kommun"},"content":{"rendered":"<ol>\n<li><a href=\"https:\/\/news.google.com\/rss\/articles\/CBMimAFBVV95cUxOVWMyS3hTUnotNVoxZG1QWkF4cVRYSm43N1hOZ0l0YXNwRUVZSExXZTNZVUVEYnEyc2Zjd0tSR3U3Mk5wVTJTQ0FsQUtIMmFpME9KUzVsWFRCcTMtZHRKR28zbkx0S282cGFCMFNreGtndUNKUUMySW82MnhGWEtXOWFXTzJWa0NTX2pTUFJmZTlxX1NVQlpWOQ?oc=5\" target=\"_blank\" rel=\"nofollow noopener\">Fira in det nya \u00e5ret p\u00e5 ett tryggt s\u00e4tt!<\/a>&nbsp;&nbsp;Svedala kommun<\/li>\n<li><a href=\"https:\/\/news.google.com\/rss\/articles\/CBMigAFBVV95cUxQNElOWHk1Y052dVVoT3BqMzlELXJUWjJOQUowTFpJUE5Ed1ZFb1hXN19BRk5XOTl4R1RqZzNNVkhNS3cwdGR0UmhlbHpHYW1ob1h4YjZ0OUI3bDJ4b2EtTTgyRWJSQ2EzZU1zclh4a0NuZmNMRGJNWkdmVmJtM2VhYQ?oc=5\" target=\"_blank\" rel=\"nofollow noopener\">Fler skadas av fyrverkerier \u2013 Elsa blev blind p\u00e5 ena \u00f6gat &#8211; Ekot<\/a>&nbsp;&nbsp;Sveriges Radio<\/li>\n<li><a href=\"https:\/\/news.google.com\/rss\/articles\/CBMib0FVX3lxTE94N2xBXzA5RHlENklhT2RjNWlkZVRnbGdMRnhvTDcxVkNPSjZfb2R5T1BKNGFzWENBVTZfeWZ6WjRxQjJabnBOcXVTWjBWVThHUzc2LTFZVzFVOTA4VlRWYk9ZQ3pKc3JkWFV2MTVUWQ?oc=5\" target=\"_blank\" rel=\"nofollow noopener\">INS\u00c4NDARE: Det \u00e4r absurt \u2013 sluta med ny\u00e5rsn\u00f6jet<\/a>&nbsp;&nbsp;VLT<\/li>\n<li><a href=\"https:\/\/news.google.com\/rss\/articles\/CBMiowFBVV95cUxPb1haRTRGaFh4VkZzNTZmSnAyTWRZNW9JaHA4Yldua19WWWFyYVczcG1KY19iTzBPbUFZT0F3YVFRLUdSSmRtSFl6VGZSOVpVUlB4ampJUDZxOWhsYjBNTE91a1ZkQTFlTnRpbFRCMXlRdlplZ3dGOFJ4VjJ0WWk2RXQzZk5KZ2UwZmlNQlFBd2k1VlY3MzdxbkpZVEotSFVJYWww?oc=5\" target=\"_blank\" rel=\"nofollow noopener\">F\u00f6r Sveriges djur \u00e4r ny\u00e5r inte fest \u2013 det \u00e4r ett krig<\/a>&nbsp;&nbsp;Aftonbladet<\/li>\n<li><a href=\"https:\/\/news.google.com\/rss\/articles\/CBMingFBVV95cUxPRldlUGRxQkozUlczQjVLV0JWdGNfYTVKRXh0NHA1eUJxZ05JM1lNWkhURzFiaXBIS0REdVRvekY3d0h6dEpiUmF2Z0Qtbzd4dm9zU09ic2NuX0Z3NG50Mk1sYXQ3ZVVPTHQtVl9RRHRJbmxhS1ROalRFUGYzS1Iyd25NcDV3Uk1TNUVLQ3hEQU54ZHp2dXY3SnhOa0tEQQ?oc=5\" target=\"_blank\" rel=\"nofollow noopener\">Mycket larm om sm\u00e4llar \u2013 Polisen: &#8221;Massor av fall i l\u00e4net&#8221;<\/a>&nbsp;&nbsp;Corren<\/li>\n<\/ol>\n","protected":false},"excerpt":{"rendered":"Fira in det nya \u00e5ret p\u00e5 ett tryggt s\u00e4tt!&nbsp;&nbsp;Svedala kommun Fler skadas av fyrverkerier \u2013 Elsa blev blind&hellip;\n","protected":false},"author":2,"featured_media":119980,"comment_status":"","ping_status":"","sticky":false,"template":"","format":"standard","meta":{"footnotes":""},"categories":[5],"tags":[22,23,26,27,17,21,24,25,28,29,15,16,18,34,31,33,32,30,19,20],"class_list":{"0":"post-119979","1":"post","2":"type-post","3":"status-publish","4":"format-standard","5":"has-post-thumbnail","7":"category-rubriker","8":"tag-breaking-news","9":"tag-breakingnews","10":"tag-featured-news","11":"tag-featurednews","12":"tag-headlines","13":"tag-huvudnyheter","14":"tag-latest-news","15":"tag-latestnews","16":"tag-main-news","17":"tag-mainnews","18":"tag-news","19":"tag-nyheter","20":"tag-rubriker","21":"tag-se","22":"tag-svenska","23":"tag-sverige","24":"tag-sweden","25":"tag-swedish","26":"tag-top-stories","27":"tag-topstories"},"share_on_mastodon":{"url":"https:\/\/pubeurope.com\/@se\/115803779403504378","error":""},"_links":{"self":[{"href":"https:\/\/www.europesays.com\/se\/wp-json\/wp\/v2\/posts\/119979","targetHints":{"allow":["GET"]}}],"collection":[{"href":"https:\/\/www.europesays.com\/se\/wp-json\/wp\/v2\/posts"}],"about":[{"href":"https:\/\/www.europesays.com\/se\/wp-json\/wp\/v2\/types\/post"}],"author":[{"embeddable":true,"href":"https:\/\/www.europesays.com\/se\/wp-json\/wp\/v2\/users\/2"}],"replies":[{"embeddable":true,"href":"https:\/\/www.europesays.com\/se\/wp-json\/wp\/v2\/comments?post=119979"}],"version-history":[{"count":0,"href":"https:\/\/www.europesays.com\/se\/wp-json\/wp\/v2\/posts\/119979\/revisions"}],"wp:featuredmedia":[{"embeddable":true,"href":"https:\/\/www.europesays.com\/se\/wp-json\/wp\/v2\/media\/119980"}],"wp:attachment":[{"href":"https:\/\/www.europesays.com\/se\/wp-json\/wp\/v2\/media?parent=119979"}],"wp:term":[{"taxonomy":"category","embeddable":true,"href":"https:\/\/www.europesays.com\/se\/wp-json\/wp\/v2\/categories?post=119979"},{"taxonomy":"post_tag","embeddable":true,"href":"https:\/\/www.europesays.com\/se\/wp-json\/wp\/v2\/tags?post=119979"}],"curies":[{"name":"wp","href":"https:\/\/api.w.org\/{rel}","templated":true}]}}