{"id":119986,"date":"2025-12-29T16:28:37","date_gmt":"2025-12-29T16:28:37","guid":{"rendered":"https:\/\/www.europesays.com\/se\/119986\/"},"modified":"2025-12-29T16:28:37","modified_gmt":"2025-12-29T16:28:37","slug":"kinas-karnvapenformaga-byggs-ut-i-rekordfart","status":"publish","type":"post","link":"https:\/\/www.europesays.com\/se\/119986\/","title":{"rendered":"Kinas k\u00e4rnvapenf\u00f6rm\u00e5ga byggs ut i rekordfart"},"content":{"rendered":"<p>Kina bygger ut sina anl\u00e4ggningar f\u00f6r tillverkning av k\u00e4rnstridsspetsar i h\u00f6g fart, visar en analys av satellitbilder enligt Washington Post.<\/p>\n<p>\u2013 F\u00f6r\u00e4ndringarna vi sett sedan 2019 \u00e4r mer omfattande \u00e4n n\u00e5gonsin tidigare, s\u00e4ger Renny Babiarz, som lett granskningen f\u00f6r de ickestatliga organisationerna ONN och Vertic.<\/p>\n<p>Produktionen av k\u00e4rnstridsspetsar har avtagit sedan 2024, och Kina bed\u00f6ms i\u202fdag ha runt 600. Antalet v\u00e4ntas \u00f6verstiga 1\u202f000 innan \u00e5rtiondets slut. I j\u00e4mf\u00f6relse har USA runt 3\u202f700.<\/p>\n<p>Enligt experter tyder utbyggnaden av anl\u00e4ggningarna p\u00e5 att Kina f\u00f6rbereder sig p\u00e5 kapprustning, \u00e4ven om de ut\u00e5t sett s\u00e4ger att de inte vill ha det.<\/p>\n<p>Omni \u00e4r politiskt obundna och oberoende. Vi str\u00e4var efter att ge fler perspektiv p\u00e5 nyheterna. Har du fr\u00e5gor eller synpunkter kring v\u00e5r rapportering? <a href=\"https:\/\/omni.se\/kinas-karnvapenformaga-byggs-ut-i-rekordfart\/a\/mailto:redaktion@omni.se\" class=\"ArticleActions_contactLink__W2F1M\" rel=\"nofollow noopener\" target=\"_blank\">Kontakta redaktionen<\/a><\/p>\n","protected":false},"excerpt":{"rendered":"Kina bygger ut sina anl\u00e4ggningar f\u00f6r tillverkning av k\u00e4rnstridsspetsar i h\u00f6g fart, visar en analys av satellitbilder enligt&hellip;\n","protected":false},"author":2,"featured_media":119987,"comment_status":"","ping_status":"","sticky":false,"template":"","format":"standard","meta":{"footnotes":""},"categories":[14],"tags":[420,22,23,26,27,17,21,549,24,25,28,29,15,16,18,34,31,33,32,30,19,20,51,52,53,54],"class_list":{"0":"post-119986","1":"post","2":"type-post","3":"status-publish","4":"format-standard","5":"has-post-thumbnail","7":"category-varlden","8":"tag-asien","9":"tag-breaking-news","10":"tag-breakingnews","11":"tag-featured-news","12":"tag-featurednews","13":"tag-headlines","14":"tag-huvudnyheter","15":"tag-kina","16":"tag-latest-news","17":"tag-latestnews","18":"tag-main-news","19":"tag-mainnews","20":"tag-news","21":"tag-nyheter","22":"tag-rubriker","23":"tag-se","24":"tag-svenska","25":"tag-sverige","26":"tag-sweden","27":"tag-swedish","28":"tag-top-stories","29":"tag-topstories","30":"tag-varlden","31":"tag-world","32":"tag-world-news","33":"tag-worldnews"},"share_on_mastodon":{"url":"https:\/\/pubeurope.com\/@se\/115803803017606104","error":""},"_links":{"self":[{"href":"https:\/\/www.europesays.com\/se\/wp-json\/wp\/v2\/posts\/119986","targetHints":{"allow":["GET"]}}],"collection":[{"href":"https:\/\/www.europesays.com\/se\/wp-json\/wp\/v2\/posts"}],"about":[{"href":"https:\/\/www.europesays.com\/se\/wp-json\/wp\/v2\/types\/post"}],"author":[{"embeddable":true,"href":"https:\/\/www.europesays.com\/se\/wp-json\/wp\/v2\/users\/2"}],"replies":[{"embeddable":true,"href":"https:\/\/www.europesays.com\/se\/wp-json\/wp\/v2\/comments?post=119986"}],"version-history":[{"count":0,"href":"https:\/\/www.europesays.com\/se\/wp-json\/wp\/v2\/posts\/119986\/revisions"}],"wp:featuredmedia":[{"embeddable":true,"href":"https:\/\/www.europesays.com\/se\/wp-json\/wp\/v2\/media\/119987"}],"wp:attachment":[{"href":"https:\/\/www.europesays.com\/se\/wp-json\/wp\/v2\/media?parent=119986"}],"wp:term":[{"taxonomy":"category","embeddable":true,"href":"https:\/\/www.europesays.com\/se\/wp-json\/wp\/v2\/categories?post=119986"},{"taxonomy":"post_tag","embeddable":true,"href":"https:\/\/www.europesays.com\/se\/wp-json\/wp\/v2\/tags?post=119986"}],"curies":[{"name":"wp","href":"https:\/\/api.w.org\/{rel}","templated":true}]}}