{"id":119988,"date":"2025-12-29T16:30:31","date_gmt":"2025-12-29T16:30:31","guid":{"rendered":"https:\/\/www.europesays.com\/se\/119988\/"},"modified":"2025-12-29T16:30:31","modified_gmt":"2025-12-29T16:30:31","slug":"raketfritt-nyar-igelkott-checkades-in-svd","status":"publish","type":"post","link":"https:\/\/www.europesays.com\/se\/119988\/","title":{"rendered":"Raketfritt ny\u00e5r \u2013 igelkott checkades in &#8211; SvD"},"content":{"rendered":"<ol>\n<li><a href=\"https:\/\/news.google.com\/rss\/articles\/CBMigAFBVV95cUxQZkg3eWUtaFptZ3IwSkhsdzhmWGdZVm5OeE1HekV4R0FKd0xobkIwU1pMa0hqLWwwcHo5TktqUHhIcWpJTXFKS1NKd2ExUFhmc05WQ09KdUcwMmpXcEVIRnVHeVV4V3BTb2lSenRGMnJhOUItX05lTmtxc1pRSk9hZA?oc=5\" target=\"_blank\" rel=\"nofollow noopener\">Raketfritt ny\u00e5r \u2013 igelkott checkades in<\/a>&nbsp;&nbsp;SvD<\/li>\n<li><a href=\"https:\/\/news.google.com\/rss\/articles\/CBMinwFBVV95cUxPV251cG50YnFfN1BQdlIwMDNFZk44cmN3NWpfWm91U0FzWkdVUENQeWk1Q05sZlpKMWxrY2x5VlpSSXh2X0ZaU2o1RjlCTVRfd2NONzk2ckpKakVmU0hncTZhNm1fMHdrUmdpUEY0aHVhMWFQNUhmamhlMzF6bEduT09TUUhiQ01Gek52cnBiVkdwQldrRFpjSmFBemI0Zkk?oc=5\" target=\"_blank\" rel=\"nofollow noopener\">Arlanda blir en frizon f\u00f6r alla hundar p\u00e5 ny\u00e5rsafton<\/a>&nbsp;&nbsp;UNT<\/li>\n<li><a href=\"https:\/\/news.google.com\/rss\/articles\/CBMisAFBVV95cUxPMmdDQ3N0c3pRdFhfR3hldE9fUmdaQWsyWExXZTVDaTFoMWdQUnRmNGhVZ3l3TnhJTmtEX2g2TGtOVVpiTzlnRGZsWWNDdnphX0hrY1IyMktpRUx6R1RRMENFQjRmN1Z5VXVKTXJnRU1DaDdwTWdJTWZNVnNCX2tCbDZMTTl3dFdEUnEwWGJGNHdnRUpPOWNLZW1jMUhUVk5KSG01dWNiSVlSZDBoeUt6QQ?oc=5\" target=\"_blank\" rel=\"nofollow noopener\">Landvetter erbjuder gratis parkering f\u00f6r hundar p\u00e5 ny\u00e5rsafton<\/a>&nbsp;&nbsp;Cision News<\/li>\n<li><a href=\"https:\/\/news.google.com\/rss\/articles\/CBMigAFBVV95cUxNX0ZBb3V5ZkprYmk5QXA1b1VjbzFndlpHWlE1LVFTdzFsdUFKQld1a192S2NOQWFDSTBfYUZGUGY5TXhqTjl2bmhTcjJrT0k5aGlXMkNCZTBGOFVJZ19RdU9lUnRVSzMyMjYwdktLODZfUUQ3Z256VVdkTlVHQmt3Yg?oc=5\" target=\"_blank\" rel=\"nofollow noopener\">Hundratals hundar f\u00e5r raketfritt ny\u00e5r \u2013 p\u00e5 hotell<\/a>&nbsp;&nbsp;Sm\u00e5landsposten<\/li>\n<li><a href=\"https:\/\/news.google.com\/rss\/articles\/CBMihwFBVV95cUxPeWV6RnBFUjYyRm5nemxyOUdWQnQ3aVQ5b0Y2bUlXM1o2OUZudThiNHRTQXBNWGxPdm5XdjNsOWVmMmtQV3NsUXBhSzcxbHY2LXowYzVIUGRFcDlRbURWZi1xYWNKR0RiYzAyR3lGWVJxbTJTM1Z3QWxkS3lHdVBObDh2TWpjSXc?oc=5\" target=\"_blank\" rel=\"nofollow noopener\">Gratis ny\u00e5rsparkering p\u00e5 Arlanda f\u00f6r hund\u00e4gare<\/a>&nbsp;&nbsp;m\u00e4rsta.nu<\/li>\n<\/ol>\n","protected":false},"excerpt":{"rendered":"Raketfritt ny\u00e5r \u2013 igelkott checkades in&nbsp;&nbsp;SvD Arlanda blir en frizon f\u00f6r alla hundar p\u00e5 ny\u00e5rsafton&nbsp;&nbsp;UNT Landvetter erbjuder gratis&hellip;\n","protected":false},"author":2,"featured_media":119989,"comment_status":"","ping_status":"","sticky":false,"template":"","format":"standard","meta":{"footnotes":""},"categories":[5],"tags":[22,23,26,27,17,21,24,25,28,29,15,16,18,34,31,33,32,30,19,20],"class_list":{"0":"post-119988","1":"post","2":"type-post","3":"status-publish","4":"format-standard","5":"has-post-thumbnail","7":"category-rubriker","8":"tag-breaking-news","9":"tag-breakingnews","10":"tag-featured-news","11":"tag-featurednews","12":"tag-headlines","13":"tag-huvudnyheter","14":"tag-latest-news","15":"tag-latestnews","16":"tag-main-news","17":"tag-mainnews","18":"tag-news","19":"tag-nyheter","20":"tag-rubriker","21":"tag-se","22":"tag-svenska","23":"tag-sverige","24":"tag-sweden","25":"tag-swedish","26":"tag-top-stories","27":"tag-topstories"},"share_on_mastodon":{"url":"https:\/\/pubeurope.com\/@se\/115803810894405133","error":""},"_links":{"self":[{"href":"https:\/\/www.europesays.com\/se\/wp-json\/wp\/v2\/posts\/119988","targetHints":{"allow":["GET"]}}],"collection":[{"href":"https:\/\/www.europesays.com\/se\/wp-json\/wp\/v2\/posts"}],"about":[{"href":"https:\/\/www.europesays.com\/se\/wp-json\/wp\/v2\/types\/post"}],"author":[{"embeddable":true,"href":"https:\/\/www.europesays.com\/se\/wp-json\/wp\/v2\/users\/2"}],"replies":[{"embeddable":true,"href":"https:\/\/www.europesays.com\/se\/wp-json\/wp\/v2\/comments?post=119988"}],"version-history":[{"count":0,"href":"https:\/\/www.europesays.com\/se\/wp-json\/wp\/v2\/posts\/119988\/revisions"}],"wp:featuredmedia":[{"embeddable":true,"href":"https:\/\/www.europesays.com\/se\/wp-json\/wp\/v2\/media\/119989"}],"wp:attachment":[{"href":"https:\/\/www.europesays.com\/se\/wp-json\/wp\/v2\/media?parent=119988"}],"wp:term":[{"taxonomy":"category","embeddable":true,"href":"https:\/\/www.europesays.com\/se\/wp-json\/wp\/v2\/categories?post=119988"},{"taxonomy":"post_tag","embeddable":true,"href":"https:\/\/www.europesays.com\/se\/wp-json\/wp\/v2\/tags?post=119988"}],"curies":[{"name":"wp","href":"https:\/\/api.w.org\/{rel}","templated":true}]}}