{"id":119998,"date":"2025-12-29T16:37:07","date_gmt":"2025-12-29T16:37:07","guid":{"rendered":"https:\/\/www.europesays.com\/se\/119998\/"},"modified":"2025-12-29T16:37:07","modified_gmt":"2025-12-29T16:37:07","slug":"man-haktas-for-mordforsok-i-uppsala","status":"publish","type":"post","link":"https:\/\/www.europesays.com\/se\/119998\/","title":{"rendered":"Man h\u00e4ktas f\u00f6r mordf\u00f6rs\u00f6k i Uppsala"},"content":{"rendered":"<p>Det var under l\u00f6rdagskv\u00e4llen, den 27 december, som polisen larmades till en adress i Uppsala med anledning av ett misst\u00e4nkt mordf\u00f6rs\u00f6k.P\u00e5 platsen ska en man i 70-\u00e5rs\u00e5ldern ha misshandlat en kvinna, bland annat med ett vasst f\u00f6rem\u00e5l. Mannen ska \u00e4ven ha hindrat kvinnan fr\u00e5n att ringa ambulans och l\u00e4mna adressen.Under l\u00f6rdagskv\u00e4llen anh\u00f6lls mannen och tre dagar senare h\u00f6<\/p>\n","protected":false},"excerpt":{"rendered":"Det var under l\u00f6rdagskv\u00e4llen, den 27 december, som polisen larmades till en adress i Uppsala med anledning av&hellip;\n","protected":false},"author":2,"featured_media":1027,"comment_status":"","ping_status":"","sticky":false,"template":"","format":"standard","meta":{"footnotes":""},"categories":[12],"tags":[22,23,26,27,17,21,24,25,28,29,15,16,18,34,31,33,32,30,19,20],"class_list":{"0":"post-119998","1":"post","2":"type-post","3":"status-publish","4":"format-standard","5":"has-post-thumbnail","7":"category-sverige","8":"tag-breaking-news","9":"tag-breakingnews","10":"tag-featured-news","11":"tag-featurednews","12":"tag-headlines","13":"tag-huvudnyheter","14":"tag-latest-news","15":"tag-latestnews","16":"tag-main-news","17":"tag-mainnews","18":"tag-news","19":"tag-nyheter","20":"tag-rubriker","21":"tag-se","22":"tag-svenska","23":"tag-sverige","24":"tag-sweden","25":"tag-swedish","26":"tag-top-stories","27":"tag-topstories"},"share_on_mastodon":{"url":"https:\/\/pubeurope.com\/@se\/115803838450873192","error":""},"_links":{"self":[{"href":"https:\/\/www.europesays.com\/se\/wp-json\/wp\/v2\/posts\/119998","targetHints":{"allow":["GET"]}}],"collection":[{"href":"https:\/\/www.europesays.com\/se\/wp-json\/wp\/v2\/posts"}],"about":[{"href":"https:\/\/www.europesays.com\/se\/wp-json\/wp\/v2\/types\/post"}],"author":[{"embeddable":true,"href":"https:\/\/www.europesays.com\/se\/wp-json\/wp\/v2\/users\/2"}],"replies":[{"embeddable":true,"href":"https:\/\/www.europesays.com\/se\/wp-json\/wp\/v2\/comments?post=119998"}],"version-history":[{"count":0,"href":"https:\/\/www.europesays.com\/se\/wp-json\/wp\/v2\/posts\/119998\/revisions"}],"wp:featuredmedia":[{"embeddable":true,"href":"https:\/\/www.europesays.com\/se\/wp-json\/wp\/v2\/media\/1027"}],"wp:attachment":[{"href":"https:\/\/www.europesays.com\/se\/wp-json\/wp\/v2\/media?parent=119998"}],"wp:term":[{"taxonomy":"category","embeddable":true,"href":"https:\/\/www.europesays.com\/se\/wp-json\/wp\/v2\/categories?post=119998"},{"taxonomy":"post_tag","embeddable":true,"href":"https:\/\/www.europesays.com\/se\/wp-json\/wp\/v2\/tags?post=119998"}],"curies":[{"name":"wp","href":"https:\/\/api.w.org\/{rel}","templated":true}]}}