{"id":120001,"date":"2025-12-29T16:41:26","date_gmt":"2025-12-29T16:41:26","guid":{"rendered":"https:\/\/www.europesays.com\/se\/120001\/"},"modified":"2025-12-29T16:41:26","modified_gmt":"2025-12-29T16:41:26","slug":"matchdag-dalen-hemma-hockeyettan-se","status":"publish","type":"post","link":"https:\/\/www.europesays.com\/se\/120001\/","title":{"rendered":"Matchdag: Dalen hemma &#8211; Hockeyettan.se"},"content":{"rendered":"<p>\t\t\t\t\t\t\t<img decoding=\"async\" src=\"https:\/\/www.europesays.com\/se\/wp-content\/uploads\/2025\/12\/Tranas-logga-logo-square.png\"\/> s\u00f6n 28 dec 08:30<\/p>\n<p data-start=\"116\" data-end=\"228\"><strong>Mellandagshockey i Tran\u00e5s \u00c5keri Arena n\u00e4r vi tar emot HC Dalen i den f\u00f6rsta matchen av det sp\u00e4nnande dubbelm\u00f6tet. Pucken sl\u00e4pps 16.00.<\/strong><\/p>\n<p data-start=\"230\" data-end=\"404\">Det \u00e4r en fullsp\u00e4ckad afton som v\u00e4ntar. Premi\u00e4r f\u00f6r v\u00e5r uteservering d\u00e4r det kommer serveras v\u00e4rmande gulaschsoppa och dryck (\u00f6ppet f\u00f6r allm\u00e4nheten \u2013 inget medlemsskap kr\u00e4vs). Innan nedsl\u00e4pp presenteras den tredje \u201dTidernas TAIF-spelare\u201d, och i f\u00f6rsta perioden dras vinnaren i \u00e5rets billotteri. D\u00e4rtill ett sp\u00e4nnande Halva Potten-lotteri.<\/p>\n<p data-start=\"230\" data-end=\"404\">Som om inte det vore nog ska det ocks\u00e5 spelas hockey. G\u00e4sterna fr\u00e5n Norrahammar har blandat och gett under h\u00f6sten. Senast besegrade man Tyringe p\u00e5 hemmaplan och br\u00f6t d\u00e4rmed en f\u00f6rlustsvit. Efter halva serien \u00e4r man utanf\u00f6r slutspelsplatserna p\u00e5 en elfteplats.<\/p>\n<p data-start=\"230\" data-end=\"404\">Tran\u00e5s AIF avslutade h\u00f6sten f\u00f6rtj\u00e4nstfullt med en stabil seger borta mot Nyk\u00f6ping. Noel Massot motade 25 skott och h\u00f6ll sin f\u00f6rsta nolla, och Markus Ruuskanen \u00f6kade p\u00e5 sin m\u00e5lkvot med ytterligare tv\u00e5 m\u00e5l.<\/p>\n<blockquote><p>\u2013 Dalen har ett ungt lag som \u00e5ker mycket skridskor, s\u00e5 vi f\u00f6rv\u00e4ntar oss en fartfylld match. Back-to-back-m\u00f6ten \u00e4r alltid speciella och det brukar skapas lite extra k\u00e4nslor i de h\u00e4r matcherna. Vi forts\u00e4tter att fokusera mest p\u00e5 v\u00e5r egen prestation och samtidigt k\u00e4nner vi oss v\u00e4l f\u00f6rberedda f\u00f6r kv\u00e4llens utmaning, s\u00e4ger Jussi Salo.<\/p><\/blockquote>\n<p><strong>Biljett:<\/strong> <a href=\"https:\/\/www.tickster.com\/se\/sv\/events\/a6hpnl0ylx8uwwp\/2025-12-28\/tranas-aif-hc-dalen\" rel=\"nofollow noopener\" target=\"_blank\">http:\/\/biljett.taif.se<\/a><br \/>Tack f\u00f6r att du har din biljett\/betalning redo i k\u00f6n!<\/p>\n<p>Halva Potten k\u00f6per du <strong><a href=\"https:\/\/clubs.clubmate.se\/tranasaif\/\" rel=\"nofollow noopener\" target=\"_blank\">h\u00e4r<\/a><\/strong>. Livedragning i tredje perioden.<\/p>\n<p><strong>S\u00e4songskort: <\/strong><a href=\"https:\/\/secure.tickster.com\/sv\/yt9u6fpefx3cewv\/selectproductgroup\" rel=\"nofollow noopener\" target=\"_blank\">http:\/\/sasongskort.taif.se<\/a><\/p>\n<p><strong>Streama matchen &amp; highlights:<\/strong> <a href=\"http:\/\/tv.taif.se\/\" rel=\"nofollow noopener\" target=\"_blank\">http:\/\/tv.taif.se<\/a><\/p>\n<p>Foto: Erik Hellquist Fotograf AB<\/p>\n","protected":false},"excerpt":{"rendered":"s\u00f6n 28 dec 08:30 Mellandagshockey i Tran\u00e5s \u00c5keri Arena n\u00e4r vi tar emot HC Dalen i den f\u00f6rsta&hellip;\n","protected":false},"author":2,"featured_media":120002,"comment_status":"","ping_status":"","sticky":false,"template":"","format":"standard","meta":{"footnotes":""},"categories":[68],"tags":[34,111,110,31,33,32,30],"class_list":{"0":"post-120001","1":"post","2":"type-post","3":"status-publish","4":"format-standard","5":"has-post-thumbnail","7":"category-sport","8":"tag-se","9":"tag-sport","10":"tag-sports","11":"tag-svenska","12":"tag-sverige","13":"tag-sweden","14":"tag-swedish"},"share_on_mastodon":{"url":"https:\/\/pubeurope.com\/@se\/115803854128174717","error":""},"_links":{"self":[{"href":"https:\/\/www.europesays.com\/se\/wp-json\/wp\/v2\/posts\/120001","targetHints":{"allow":["GET"]}}],"collection":[{"href":"https:\/\/www.europesays.com\/se\/wp-json\/wp\/v2\/posts"}],"about":[{"href":"https:\/\/www.europesays.com\/se\/wp-json\/wp\/v2\/types\/post"}],"author":[{"embeddable":true,"href":"https:\/\/www.europesays.com\/se\/wp-json\/wp\/v2\/users\/2"}],"replies":[{"embeddable":true,"href":"https:\/\/www.europesays.com\/se\/wp-json\/wp\/v2\/comments?post=120001"}],"version-history":[{"count":0,"href":"https:\/\/www.europesays.com\/se\/wp-json\/wp\/v2\/posts\/120001\/revisions"}],"wp:featuredmedia":[{"embeddable":true,"href":"https:\/\/www.europesays.com\/se\/wp-json\/wp\/v2\/media\/120002"}],"wp:attachment":[{"href":"https:\/\/www.europesays.com\/se\/wp-json\/wp\/v2\/media?parent=120001"}],"wp:term":[{"taxonomy":"category","embeddable":true,"href":"https:\/\/www.europesays.com\/se\/wp-json\/wp\/v2\/categories?post=120001"},{"taxonomy":"post_tag","embeddable":true,"href":"https:\/\/www.europesays.com\/se\/wp-json\/wp\/v2\/tags?post=120001"}],"curies":[{"name":"wp","href":"https:\/\/api.w.org\/{rel}","templated":true}]}}