{"id":120003,"date":"2025-12-29T16:44:13","date_gmt":"2025-12-29T16:44:13","guid":{"rendered":"https:\/\/www.europesays.com\/se\/120003\/"},"modified":"2025-12-29T16:44:13","modified_gmt":"2025-12-29T16:44:13","slug":"intellegos-styrelse-gav-ex-vd-mangmiljonbonus-dagar-fore-gripande","status":"publish","type":"post","link":"https:\/\/www.europesays.com\/se\/120003\/","title":{"rendered":"Intellegos styrelse gav ex-vd m\u00e5ngmiljonbonus dagar f\u00f6re gripande"},"content":{"rendered":"<p>&#13;<br \/>\n                        Laurin s\u00e4ger att styrelsen beslutade att betala ut en bonus p\u00e5 netto 3 miljoner kronor \u201ci linje med den till synes mycket h\u00f6ga int\u00e4ktstillv\u00e4xten under 2025\u201d. <\/p>\n<p>Utbetalningen \u00e4gde rum den 11-12 november. Lindahl greps den 18 november.<\/p>\n<p>Samma styrelse som gav Lindahl bonusen kom senare att sparka honom. Efter\u00e5t har en av ledam\u00f6terna, Johan M\u00f6llerstr\u00f6m, delgetts misstanke om grovt svindleri och grovt bedr\u00e4geri.<\/p>\n<p>Efter att Lindahl gripits ska styrelsen ha vidtagit \u00e5tg\u00e4rder f\u00f6r att kr\u00e4va \u00e5terbetalning, enligt Laurin.&#13;\n                    <\/p>\n","protected":false},"excerpt":{"rendered":"&#13; Laurin s\u00e4ger att styrelsen beslutade att betala ut en bonus p\u00e5 netto 3 miljoner kronor \u201ci linje&hellip;\n","protected":false},"author":2,"featured_media":120004,"comment_status":"","ping_status":"","sticky":false,"template":"","format":"standard","meta":{"footnotes":""},"categories":[65],"tags":[72,70,71,454,453,451,452,34,31,33,32,30,455],"class_list":{"0":"post-120003","1":"post","2":"type-post","3":"status-publish","4":"format-standard","5":"has-post-thumbnail","7":"category-ekonomi","8":"tag-business","9":"tag-economy","10":"tag-ekonomi","11":"tag-ekonomisk-analys","12":"tag-finans","13":"tag-finansiella-nyheter","14":"tag-investera","15":"tag-se","16":"tag-svenska","17":"tag-sverige","18":"tag-sweden","19":"tag-swedish","20":"tag-trading"},"share_on_mastodon":{"url":"https:\/\/pubeurope.com\/@se\/115803865984102367","error":""},"_links":{"self":[{"href":"https:\/\/www.europesays.com\/se\/wp-json\/wp\/v2\/posts\/120003","targetHints":{"allow":["GET"]}}],"collection":[{"href":"https:\/\/www.europesays.com\/se\/wp-json\/wp\/v2\/posts"}],"about":[{"href":"https:\/\/www.europesays.com\/se\/wp-json\/wp\/v2\/types\/post"}],"author":[{"embeddable":true,"href":"https:\/\/www.europesays.com\/se\/wp-json\/wp\/v2\/users\/2"}],"replies":[{"embeddable":true,"href":"https:\/\/www.europesays.com\/se\/wp-json\/wp\/v2\/comments?post=120003"}],"version-history":[{"count":0,"href":"https:\/\/www.europesays.com\/se\/wp-json\/wp\/v2\/posts\/120003\/revisions"}],"wp:featuredmedia":[{"embeddable":true,"href":"https:\/\/www.europesays.com\/se\/wp-json\/wp\/v2\/media\/120004"}],"wp:attachment":[{"href":"https:\/\/www.europesays.com\/se\/wp-json\/wp\/v2\/media?parent=120003"}],"wp:term":[{"taxonomy":"category","embeddable":true,"href":"https:\/\/www.europesays.com\/se\/wp-json\/wp\/v2\/categories?post=120003"},{"taxonomy":"post_tag","embeddable":true,"href":"https:\/\/www.europesays.com\/se\/wp-json\/wp\/v2\/tags?post=120003"}],"curies":[{"name":"wp","href":"https:\/\/api.w.org\/{rel}","templated":true}]}}