{"id":120005,"date":"2025-12-29T16:45:36","date_gmt":"2025-12-29T16:45:36","guid":{"rendered":"https:\/\/www.europesays.com\/se\/120005\/"},"modified":"2025-12-29T16:45:36","modified_gmt":"2025-12-29T16:45:36","slug":"valdtogs-av-putins-legosoldater-kunde-inte-skrika-2","status":"publish","type":"post","link":"https:\/\/www.europesays.com\/se\/120005\/","title":{"rendered":"V\u00e5ldtogs av Putins legosoldater: \u201dKunde inte skrika\u201d"},"content":{"rendered":"<p>Blicken \u00e4r tom och munnen \u00f6ppen, flugor har slagit sig ned p\u00e5 l\u00e4pparna. Br\u00f6stkorgen r\u00f6r sig knappt, i pannan tr\u00e4nger febersvetten igenom. L\u00e4kare j\u00e4ktar f\u00f6r att f\u00e4sta en droppslang. Det \u00e4r br\u00e5ttom.<\/p>\n<p>Tv\u00e5 veckor tidigare har flickan p\u00e5 britsen v\u00e5ldtagits i sitt hem i Mali, enligt familjen av legosoldater tillh\u00f6rande ryska Afrikak\u00e5ren, skriver nyhetsbyr\u00e5n AP. \u00d6vergreppen orsakar en infektion som f\u00f6rblir obehandlad medan familjen flyr de ryska styrkorna till grannlandet Mauretanien. N\u00e4r 14-\u00e5ringen till slut n\u00e5r L\u00e4kare utan gr\u00e4nsers klinik \u00e4r hon n\u00e4ra d\u00f6den. Infektionen har f\u00f6rsatt kroppen i akut chock.<\/p>\n<p>Tusentals flyende malier, fr\u00e4mst kvinnor och barn, har de senaste veckorna anl\u00e4nt till Mauretanien. F\u00f6r AP vittnar flera kvinnor om hur \u201dbev\u00e4pnade vita m\u00e4n\u201d br\u00e4nt ned deras hus, d\u00f6dat deras makar och utsatt dem eller deras anh\u00f6riga f\u00f6r sexuellt v\u00e5ld.<\/p>\n<p>Lyder under Kreml<\/p>\n<p>L\u00e4karen Bethsabee Djoman Elidje, som lyckades r\u00e4dda 14-\u00e5ringens liv, har den senaste m\u00e5naden v\u00e5rdat tre \u00f6verlevare av sexuellt v\u00e5ld. Men tabut \u00e4r starkt och m\u00f6rkertalet sannolikt stort, s\u00e4ger hon.<\/p>\n<p>\u2013 De kommer bara n\u00e4r l\u00e4get blivit allvarligt, som fallet vi s\u00e5g i dag.<\/p>\n<p>Flickans familj vittnar f\u00f6r AP om n\u00e4r Afrikak\u00e5rens soldater, som lyder under det ryska f\u00f6rsvarsdepartementet, kom till hembyn. Under vapenhot tvingades alla se p\u00e5 n\u00e4r en sl\u00e4kting fick halsen avskuren, varp\u00e5 14-\u00e5ringen drogs in i ett t\u00e4lt och v\u00e5ldtogs. N\u00e4r m\u00e4nnen var klara svimmade hon.<\/p>\n<p>\u2013 Vi var s\u00e5 r\u00e4dda att vi inte ens kunde skrika, s\u00e4ger en faster till AP och beskriver hur syskonbarnet senare vaknade &#8221;med \u00f6gonen hos n\u00e5gon som inte l\u00e4ngre \u00e4r d\u00e4r\u201d.<\/p>\n<p>Skr\u00f6t om tortyr<\/p>\n<p>\u00c4ven Afrikak\u00e5rens f\u00f6reg\u00e5ngare, \u00f6k\u00e4nt brutala Wagnergruppen, har anklagats f\u00f6r grova \u00f6vergrepp och sexuellt v\u00e5ld i Mali.<\/p>\n<p>\u2013 Wagnergruppen br\u00e4nde sju levande m\u00e4n med bensin framf\u00f6r v\u00e5ra \u00f6gon. Sedan samlade de ihop kvinnorna och v\u00e5ldtog dem, s\u00e4ger en dotter till ett offer till AP.<\/p>\n<p>I ett av de mest uppm\u00e4rksammade fallen, i mars 2022, utsattes minst 58 kvinnor och barn f\u00f6r v\u00e5ldt\u00e4kt och andra former av sexuellt v\u00e5ld i en attack mot en by i Mali, <a id=\"IWdLD10PLBRkm5kH\" href=\"https:\/\/www.ohchr.org\/en\/press-releases\/2023\/05\/malian-troops-foreign-military-personnel-killed-over-500-people-during\" rel=\"nofollow noopener\" target=\"_blank\">enligt en FN-rapport<\/a>. Maliska styrkor och \u201dvita m\u00e4n&#8221; anklagades d\u00e5 f\u00f6r g\u00e4ngv\u00e5ldt\u00e4kter som p\u00e5gick i timmar.<\/p>\n<p>I juni i \u00e5r <a id=\"3sFxjYQQkLNVZ2Eq\" href=\"https:\/\/www.theafricareport.com\/386622\/wagners-red-room-how-russian-mercenaries-flaunt-their-crimes-on-telegram\/\" rel=\"nofollow noopener\" target=\"_blank\">sade sig The Africa Report<\/a> ha infiltrerat en Wagnerkopplad Telegramkanal, d\u00e4r ryska legosoldater skr\u00f6t om brutal tortyr, avr\u00e4ttningar och liksk\u00e4ndningar i fr\u00e4mst Mali. Hundratals bilder och filmer, liksom grovt rasistiska tillm\u00e4len, delades i kanalen.<\/p>\n<p>F\u00f6rsvarsdepartementet i Moskva har inte besvarat AP:s fr\u00e5gor.<\/p>\n<p><img alt=\"En ung kvinna fr\u00e5n Mali f\u00e5r v\u00e5rd f\u00f6r en infektion som lett till farligt h\u00f6g feber i ett flyktingl\u00e4ger i \u00f6stra Mauretanien i november.\" loading=\"lazy\" width=\"1920\" height=\"1200\" decoding=\"async\" data-nimg=\"1\" style=\"color:transparent;max-width:100%;width:100%\"   src=\"https:\/\/www.europesays.com\/se\/wp-content\/uploads\/2025\/12\/1IS1_SN62F4bsZOnsMNcvnUnKhMI-REGULAR.jpg\"\/>En ung kvinna fr\u00e5n Mali f\u00e5r v\u00e5rd f\u00f6r en infektion som lett till farligt h\u00f6g feber i ett flyktingl\u00e4ger i \u00f6stra Mauretanien i november. Bild: Caitlin Kelly\/AP\/TT <img alt=\"Maliska Afay visar bilder p\u00e5 den br\u00e4nda hembyn efter att legosoldater fr\u00e5n Afrikak\u00e5ren lagt byn i ruiner. Bild tagen i Douankara i grannlandet Mauretanien i november.\" loading=\"lazy\" width=\"1920\" height=\"1200\" decoding=\"async\" data-nimg=\"1\" style=\"color:transparent;max-width:100%;width:100%\"   src=\"https:\/\/www.europesays.com\/se\/wp-content\/uploads\/2025\/12\/2Lzgl992Rkx2--8ZxM1SIil7KWak-REGULAR.jpg\"\/>Maliska Afay visar bilder p\u00e5 den br\u00e4nda hembyn efter att legosoldater fr\u00e5n Afrikak\u00e5ren lagt byn i ruiner. Bild tagen i Douankara i grannlandet Mauretanien i november. Bild: Caitlin Kelly\/AP\/TT <img alt=\"Flyktingar fr\u00e5n Mali i ett tillf\u00e4lligt l\u00e4ger i Douankara i regionen Hodh Ech Chargui i \u00f6stra Mauretanien. Bild tagen i november.\" loading=\"lazy\" width=\"1920\" height=\"1200\" decoding=\"async\" data-nimg=\"1\" style=\"color:transparent;max-width:100%;width:100%\"   src=\"https:\/\/www.europesays.com\/se\/wp-content\/uploads\/2025\/12\/3ByX1TOm-tndeoglnZapKOfJrrNU-REGULAR.jpg\"\/>Flyktingar fr\u00e5n Mali i ett tillf\u00e4lligt l\u00e4ger i Douankara i regionen Hodh Ech Chargui i \u00f6stra Mauretanien. Bild tagen i november. Bild: Caitlin Kelly\/AP\/TT Fakta: Afrikak\u00e5ren<\/p>\n<p>Afrikak\u00e5ren (p\u00e5 ryska Afrikanskij korpus) \u00e4r en paramilit\u00e4r grupp ledd av Rysslands regim, med uppgift att st\u00f6tta ryskallierade l\u00e4nder i Afrika, \u00f6ka ryskt inflytande och sl\u00e5 vakt om Rysslands ekonomiska intressen.<\/p>\n<p>Afrikak\u00e5ren uppges ha ersatt Wagnergruppen, ett \u00f6k\u00e4nt, privat legosoldatsbolag med brutalt rykte och inofficiella kopplingar till den ryska milit\u00e4ren och makth\u00f6gkvarteret Kreml.<\/p>\n<p>70\u201380 procent av Afrikak\u00e5rens soldater bed\u00f6ms tidigare ha ing\u00e5tt i Wagnergruppen, som bland annat anlitades i syfte att bek\u00e4mpa jihadister i Sahelregionen.<\/p>\n<p>Afrikak\u00e5ren har, precis som Wagner, anklagats f\u00f6r grova \u00f6vergrepp i afrikanska l\u00e4nder. Brotten g\u00e5r dock till stora delar under radarn och f\u00f6r\u00f6varna \u00e5tnjuter utbredd straffrihet.<\/p>\n<p>K\u00e4lla: AP, Timbuktu Institute, OHCHR, CSIS<\/p>\n","protected":false},"excerpt":{"rendered":"Blicken \u00e4r tom och munnen \u00f6ppen, flugor har slagit sig ned p\u00e5 l\u00e4pparna. Br\u00f6stkorgen r\u00f6r sig knappt, i&hellip;\n","protected":false},"author":2,"featured_media":120006,"comment_status":"","ping_status":"","sticky":false,"template":"","format":"standard","meta":{"footnotes":""},"categories":[14],"tags":[22,23,26,27,17,21,24,25,28,29,15,16,18,34,31,33,32,30,19,20,51,52,53,54],"class_list":{"0":"post-120005","1":"post","2":"type-post","3":"status-publish","4":"format-standard","5":"has-post-thumbnail","7":"category-varlden","8":"tag-breaking-news","9":"tag-breakingnews","10":"tag-featured-news","11":"tag-featurednews","12":"tag-headlines","13":"tag-huvudnyheter","14":"tag-latest-news","15":"tag-latestnews","16":"tag-main-news","17":"tag-mainnews","18":"tag-news","19":"tag-nyheter","20":"tag-rubriker","21":"tag-se","22":"tag-svenska","23":"tag-sverige","24":"tag-sweden","25":"tag-swedish","26":"tag-top-stories","27":"tag-topstories","28":"tag-varlden","29":"tag-world","30":"tag-world-news","31":"tag-worldnews"},"share_on_mastodon":{"url":"https:\/\/pubeurope.com\/@se\/115803869937337147","error":""},"_links":{"self":[{"href":"https:\/\/www.europesays.com\/se\/wp-json\/wp\/v2\/posts\/120005","targetHints":{"allow":["GET"]}}],"collection":[{"href":"https:\/\/www.europesays.com\/se\/wp-json\/wp\/v2\/posts"}],"about":[{"href":"https:\/\/www.europesays.com\/se\/wp-json\/wp\/v2\/types\/post"}],"author":[{"embeddable":true,"href":"https:\/\/www.europesays.com\/se\/wp-json\/wp\/v2\/users\/2"}],"replies":[{"embeddable":true,"href":"https:\/\/www.europesays.com\/se\/wp-json\/wp\/v2\/comments?post=120005"}],"version-history":[{"count":0,"href":"https:\/\/www.europesays.com\/se\/wp-json\/wp\/v2\/posts\/120005\/revisions"}],"wp:featuredmedia":[{"embeddable":true,"href":"https:\/\/www.europesays.com\/se\/wp-json\/wp\/v2\/media\/120006"}],"wp:attachment":[{"href":"https:\/\/www.europesays.com\/se\/wp-json\/wp\/v2\/media?parent=120005"}],"wp:term":[{"taxonomy":"category","embeddable":true,"href":"https:\/\/www.europesays.com\/se\/wp-json\/wp\/v2\/categories?post=120005"},{"taxonomy":"post_tag","embeddable":true,"href":"https:\/\/www.europesays.com\/se\/wp-json\/wp\/v2\/tags?post=120005"}],"curies":[{"name":"wp","href":"https:\/\/api.w.org\/{rel}","templated":true}]}}