{"id":120009,"date":"2025-12-29T16:47:12","date_gmt":"2025-12-29T16:47:12","guid":{"rendered":"https:\/\/www.europesays.com\/se\/120009\/"},"modified":"2025-12-29T16:47:12","modified_gmt":"2025-12-29T16:47:12","slug":"trump-och-putin-hade-positivt-samtal","status":"publish","type":"post","link":"https:\/\/www.europesays.com\/se\/120009\/","title":{"rendered":"Trump och Putin hade positivt samtal"},"content":{"rendered":"<p>Donald Trump har \u00e4n en g\u00e5ng samtalat med Vladimir Putin, enligt Vita husets pressekreterare Karoline Leavitt.<\/p>\n<p>\u201dPresident Trump har avslutat ett positivt samtal med president Putin om Ukraina\u201d, skriver hon p\u00e5 X utan att ge n\u00e5gra detaljer.<\/p>\n<p>De b\u00e5da presidenterna ringdes ocks\u00e5 innan Trumps m\u00f6te med Zelenskyj i\u202fg\u00e5r.<\/p>\n<p>Beskedet om samtalet kommer kort efter att Ryssland anklagat Ukraina f\u00f6r att ha f\u00f6rs\u00f6kt attackera Putins sommarbostad, vilket Zelenskyj f\u00f6rnekar.<\/p>\n<p>Detta informerade Putin om under samtalet med Trump, uppger hans r\u00e5dgivare Jurij Usjakov enligt Reuters. Han h\u00e4vdar att Trump \u201dchockades\u201d av beskedet. Detta p\u00e5st\u00e5ende har USA inte kommenterat.<\/p>\n<p>Omni \u00e4r politiskt obundna och oberoende. Vi str\u00e4var efter att ge fler perspektiv p\u00e5 nyheterna. Har du fr\u00e5gor eller synpunkter kring v\u00e5r rapportering? <a href=\"https:\/\/omni.se\/vita-huset-trump-och-putin-hade-positivt-samtal\/a\/mailto:redaktion@omni.se\" class=\"ArticleActions_contactLink__W2F1M\" rel=\"nofollow noopener\" target=\"_blank\">Kontakta redaktionen<\/a><\/p>\n","protected":false},"excerpt":{"rendered":"Donald Trump har \u00e4n en g\u00e5ng samtalat med Vladimir Putin, enligt Vita husets pressekreterare Karoline Leavitt. \u201dPresident Trump&hellip;\n","protected":false},"author":2,"featured_media":120010,"comment_status":"","ping_status":"","sticky":false,"template":"","format":"standard","meta":{"footnotes":""},"categories":[5],"tags":[22,23,385,267,26,27,17,21,24,25,28,29,15,268,16,18,269,264,34,31,33,32,30,19,20,263,74,261],"class_list":{"0":"post-120009","1":"post","2":"type-post","3":"status-publish","4":"format-standard","5":"has-post-thumbnail","7":"category-rubriker","8":"tag-breaking-news","9":"tag-breakingnews","10":"tag-donald-trump","11":"tag-europa","12":"tag-featured-news","13":"tag-featurednews","14":"tag-headlines","15":"tag-huvudnyheter","16":"tag-latest-news","17":"tag-latestnews","18":"tag-main-news","19":"tag-mainnews","20":"tag-news","21":"tag-nordamerika","22":"tag-nyheter","23":"tag-rubriker","24":"tag-ryska-invasionen","25":"tag-ryssland","26":"tag-se","27":"tag-svenska","28":"tag-sverige","29":"tag-sweden","30":"tag-swedish","31":"tag-top-stories","32":"tag-topstories","33":"tag-ukraina","34":"tag-usa","35":"tag-vladimir-putin"},"share_on_mastodon":{"url":"https:\/\/pubeurope.com\/@se\/115803877724384866","error":""},"_links":{"self":[{"href":"https:\/\/www.europesays.com\/se\/wp-json\/wp\/v2\/posts\/120009","targetHints":{"allow":["GET"]}}],"collection":[{"href":"https:\/\/www.europesays.com\/se\/wp-json\/wp\/v2\/posts"}],"about":[{"href":"https:\/\/www.europesays.com\/se\/wp-json\/wp\/v2\/types\/post"}],"author":[{"embeddable":true,"href":"https:\/\/www.europesays.com\/se\/wp-json\/wp\/v2\/users\/2"}],"replies":[{"embeddable":true,"href":"https:\/\/www.europesays.com\/se\/wp-json\/wp\/v2\/comments?post=120009"}],"version-history":[{"count":0,"href":"https:\/\/www.europesays.com\/se\/wp-json\/wp\/v2\/posts\/120009\/revisions"}],"wp:featuredmedia":[{"embeddable":true,"href":"https:\/\/www.europesays.com\/se\/wp-json\/wp\/v2\/media\/120010"}],"wp:attachment":[{"href":"https:\/\/www.europesays.com\/se\/wp-json\/wp\/v2\/media?parent=120009"}],"wp:term":[{"taxonomy":"category","embeddable":true,"href":"https:\/\/www.europesays.com\/se\/wp-json\/wp\/v2\/categories?post=120009"},{"taxonomy":"post_tag","embeddable":true,"href":"https:\/\/www.europesays.com\/se\/wp-json\/wp\/v2\/tags?post=120009"}],"curies":[{"name":"wp","href":"https:\/\/api.w.org\/{rel}","templated":true}]}}