{"id":120013,"date":"2025-12-29T16:52:20","date_gmt":"2025-12-29T16:52:20","guid":{"rendered":"https:\/\/www.europesays.com\/se\/120013\/"},"modified":"2025-12-29T16:52:20","modified_gmt":"2025-12-29T16:52:20","slug":"ubs-hojer-guldprognosen-till-5-000-dollar","status":"publish","type":"post","link":"https:\/\/www.europesays.com\/se\/120013\/","title":{"rendered":"UBS h\u00f6jer guldprognosen till 5 000 dollar"},"content":{"rendered":"<p>Det rapporterar Reuters.<\/p>\n<p>Banken ser en fortsatt stark efterfr\u00e5gan p\u00e5 guld under 2026, driven av l\u00e4gre realr\u00e4ntor, kvarst\u00e5ende global ekonomisk os\u00e4kerhet samt os\u00e4kerhet kring amerikansk inrikespolitik kopplad till mellan\u00e5rsval och \u00f6kande finanspolitiska sp\u00e4nningar. UBS bed\u00f6mer samtidigt att priset kan stiga till s\u00e5 mycket som 5 400 dollar om de politiska eller finansiella riskerna tilltar.<\/p>\n<p>Guldet handlas p\u00e5 m\u00e5ndagen till cirka 4 470 dollar.<\/p>\n","protected":false},"excerpt":{"rendered":"Det rapporterar Reuters. Banken ser en fortsatt stark efterfr\u00e5gan p\u00e5 guld under 2026, driven av l\u00e4gre realr\u00e4ntor, kvarst\u00e5ende&hellip;\n","protected":false},"author":2,"featured_media":42505,"comment_status":"","ping_status":"","sticky":false,"template":"","format":"standard","meta":{"footnotes":""},"categories":[65],"tags":[72,70,71,34,31,33,32,30],"class_list":{"0":"post-120013","1":"post","2":"type-post","3":"status-publish","4":"format-standard","5":"has-post-thumbnail","7":"category-ekonomi","8":"tag-business","9":"tag-economy","10":"tag-ekonomi","11":"tag-se","12":"tag-svenska","13":"tag-sverige","14":"tag-sweden","15":"tag-swedish"},"share_on_mastodon":{"url":"https:\/\/pubeurope.com\/@se\/115803897403606959","error":""},"_links":{"self":[{"href":"https:\/\/www.europesays.com\/se\/wp-json\/wp\/v2\/posts\/120013","targetHints":{"allow":["GET"]}}],"collection":[{"href":"https:\/\/www.europesays.com\/se\/wp-json\/wp\/v2\/posts"}],"about":[{"href":"https:\/\/www.europesays.com\/se\/wp-json\/wp\/v2\/types\/post"}],"author":[{"embeddable":true,"href":"https:\/\/www.europesays.com\/se\/wp-json\/wp\/v2\/users\/2"}],"replies":[{"embeddable":true,"href":"https:\/\/www.europesays.com\/se\/wp-json\/wp\/v2\/comments?post=120013"}],"version-history":[{"count":0,"href":"https:\/\/www.europesays.com\/se\/wp-json\/wp\/v2\/posts\/120013\/revisions"}],"wp:featuredmedia":[{"embeddable":true,"href":"https:\/\/www.europesays.com\/se\/wp-json\/wp\/v2\/media\/42505"}],"wp:attachment":[{"href":"https:\/\/www.europesays.com\/se\/wp-json\/wp\/v2\/media?parent=120013"}],"wp:term":[{"taxonomy":"category","embeddable":true,"href":"https:\/\/www.europesays.com\/se\/wp-json\/wp\/v2\/categories?post=120013"},{"taxonomy":"post_tag","embeddable":true,"href":"https:\/\/www.europesays.com\/se\/wp-json\/wp\/v2\/tags?post=120013"}],"curies":[{"name":"wp","href":"https:\/\/api.w.org\/{rel}","templated":true}]}}