{"id":120014,"date":"2025-12-29T16:54:16","date_gmt":"2025-12-29T16:54:16","guid":{"rendered":"https:\/\/www.europesays.com\/se\/120014\/"},"modified":"2025-12-29T16:54:16","modified_gmt":"2025-12-29T16:54:16","slug":"skidorten-stangs-efter-stormen","status":"publish","type":"post","link":"https:\/\/www.europesays.com\/se\/120014\/","title":{"rendered":"Skidorten st\u00e4ngs efter stormen"},"content":{"rendered":"<p class=\"boxtextgrotesk-root_baa6 hyperion-css-7pajle\">Uppdaterad 12.23 | Publicerad 12.11<\/p>\n<p>share-arrowDela<\/p>\n<p>unsaveSpara<\/p>\n<p>expand-left<\/p>\n<p>helsk\u00e4rm<img decoding=\"async\" class=\"image-asset hyperion-css-u06ts1\" data-test-tag=\"image-asset\" src=\"https:\/\/www.europesays.com\/se\/wp-content\/uploads\/2025\/12\/888d520c-48fc-4445-8014-fd211ad22dc0.jpeg\"  alt=\"Arkivbild.\"  loading=\"eager\" fetchpriority=\"high\" style=\"aspect-ratio:1900 \/ 1267\"\/>Arkivbild. Foto: Peter Wixtr\u00f6m<\/p>\n<p class=\"hyperion-css-1shl3oz\" data-test-tag=\"lead-text\">Kungsberget har drabbats h\u00e5rt av stormen. <\/p>\n<p class=\"hyperion-css-1shl3oz\" data-test-tag=\"lead-text\">Str\u00f6mavbrott och fallna tr\u00e4d i backar tvingar anl\u00e4ggningen att st\u00e4nga.<\/p>\n<p class=\"hyperion-css-1v9qo5x\">Stormen Johannes slog till mot skidanl\u00e4ggningen <a data-test-tag=\"internal-link\" href=\"https:\/\/www.aftonbladet.se\/tagg\/kungsberget\" class=\"hyperion-css-15jkft9\" rel=\"nofollow noopener\" target=\"\" aria-label=\"Kungsberget\">Kungsberget<\/a> p\u00e5 annandagen. <\/p>\n<p class=\"hyperion-css-1v9qo5x\">Skidorten har t\u00f6mts p\u00e5 g\u00e4ster och har st\u00e4ngt efter att ha drabbats av str\u00f6mavbrott och tr\u00e4d i backar och liftsp\u00e5r. <\/p>\n<p class=\"hyperion-css-1v9qo5x\">\u2013 Det \u00e4r s\u00e5klart en j\u00e4ttestor sm\u00e4ll, s\u00e4ger Joakim Carlsson <a aria-label=\"till DI.\" class=\"default hyperion-css-15jkft9\" href=\"https:\/\/www.di.se\/nyheter\/skidorten-stangd-efter-stormen-jattestor-small\/\" rel=\"noopener nofollow noreferrer\" data-test-tag=\"external-link\" target=\"_blank\">till DI.<\/a> <\/p>\n<p class=\"hyperion-css-1v9qo5x\">Anl\u00e4ggningen v\u00e4ntas dock \u00f6ppna under tisdagen igen. <\/p>\n<p class=\"hyperion-css-1v9qo5x\">Under stormen <a data-test-tag=\"internal-link\" href=\"https:\/\/www.aftonbladet.se\/nyheter\/a\/8pmxe2\/man-dod-fick-trad-over-sig\" class=\"hyperion-css-15jkft9\" rel=\"nofollow noopener\" target=\"\" aria-label=\"dog en man i 50-\u00e5rs\u00e5ldern\">dog en man i 50-\u00e5rs\u00e5ldern<\/a> i Kungsberget efter att ha f\u00e5tt ett tr\u00e4d \u00f6ver sig. Ytterligare tv\u00e5 personer dog i samband med att stormen drog fram. <\/p>\n","protected":false},"excerpt":{"rendered":"Uppdaterad 12.23 | Publicerad 12.11 share-arrowDela unsaveSpara expand-left helsk\u00e4rmArkivbild. Foto: Peter Wixtr\u00f6m Kungsberget har drabbats h\u00e5rt av stormen.&hellip;\n","protected":false},"author":2,"featured_media":120015,"comment_status":"","ping_status":"","sticky":false,"template":"","format":"standard","meta":{"footnotes":""},"categories":[12],"tags":[22,23,26,27,17,21,24,25,28,29,15,16,18,34,31,33,32,30,19,20],"class_list":{"0":"post-120014","1":"post","2":"type-post","3":"status-publish","4":"format-standard","5":"has-post-thumbnail","7":"category-sverige","8":"tag-breaking-news","9":"tag-breakingnews","10":"tag-featured-news","11":"tag-featurednews","12":"tag-headlines","13":"tag-huvudnyheter","14":"tag-latest-news","15":"tag-latestnews","16":"tag-main-news","17":"tag-mainnews","18":"tag-news","19":"tag-nyheter","20":"tag-rubriker","21":"tag-se","22":"tag-svenska","23":"tag-sverige","24":"tag-sweden","25":"tag-swedish","26":"tag-top-stories","27":"tag-topstories"},"share_on_mastodon":{"url":"https:\/\/pubeurope.com\/@se\/115803905366540406","error":""},"_links":{"self":[{"href":"https:\/\/www.europesays.com\/se\/wp-json\/wp\/v2\/posts\/120014","targetHints":{"allow":["GET"]}}],"collection":[{"href":"https:\/\/www.europesays.com\/se\/wp-json\/wp\/v2\/posts"}],"about":[{"href":"https:\/\/www.europesays.com\/se\/wp-json\/wp\/v2\/types\/post"}],"author":[{"embeddable":true,"href":"https:\/\/www.europesays.com\/se\/wp-json\/wp\/v2\/users\/2"}],"replies":[{"embeddable":true,"href":"https:\/\/www.europesays.com\/se\/wp-json\/wp\/v2\/comments?post=120014"}],"version-history":[{"count":0,"href":"https:\/\/www.europesays.com\/se\/wp-json\/wp\/v2\/posts\/120014\/revisions"}],"wp:featuredmedia":[{"embeddable":true,"href":"https:\/\/www.europesays.com\/se\/wp-json\/wp\/v2\/media\/120015"}],"wp:attachment":[{"href":"https:\/\/www.europesays.com\/se\/wp-json\/wp\/v2\/media?parent=120014"}],"wp:term":[{"taxonomy":"category","embeddable":true,"href":"https:\/\/www.europesays.com\/se\/wp-json\/wp\/v2\/categories?post=120014"},{"taxonomy":"post_tag","embeddable":true,"href":"https:\/\/www.europesays.com\/se\/wp-json\/wp\/v2\/tags?post=120014"}],"curies":[{"name":"wp","href":"https:\/\/api.w.org\/{rel}","templated":true}]}}