{"id":120016,"date":"2025-12-29T16:55:34","date_gmt":"2025-12-29T16:55:34","guid":{"rendered":"https:\/\/www.europesays.com\/se\/120016\/"},"modified":"2025-12-29T16:55:34","modified_gmt":"2025-12-29T16:55:34","slug":"nadjas-stuga-skadades-i-stormen-vet-inte-hur-allvarligt-det-ar-hudiksvalls-tidning","status":"publish","type":"post","link":"https:\/\/www.europesays.com\/se\/120016\/","title":{"rendered":"Nadjas stuga skadades i stormen: \u201dVet inte hur allvarligt det \u00e4r\u201d &#8211; Hudiksvalls Tidning"},"content":{"rendered":"<ol>\n<li><a href=\"https:\/\/news.google.com\/rss\/articles\/CBMilwFBVV95cUxQOUxsTm1fWUFGNEg5V0tmNlJ4VjQ3YWhaNE9lN2pNT01zbjl6elUtYmJaenZlalI0T200ajdRVVh5WEVyMmM1bVBMZm1hZnNmTGtITVJxeVFTSE1PbU10N2h5TUh1RUYyQXpSa3R0c0VfVGtVN3JIQk44SGxqdTI3ZXB3VWVfbEpzTGllZW5NM0RNQTBBTHdB?oc=5\" target=\"_blank\" rel=\"nofollow noopener\">Nadjas stuga skadades i stormen: \u201dVet inte hur allvarligt det \u00e4r\u201d<\/a>&nbsp;&nbsp;Hudiksvalls Tidning<\/li>\n<li><a href=\"https:\/\/news.google.com\/rss\/articles\/CBMinAFBVV95cUxOa29JS3drdzlNNmlXNElTa0VyNklZNDdEbzRaR1d4NVRGcG5xNFdEWndrc0stVGtrZElkc1dyZzlLUUJGTTZFQXJQQ2dQbk5XbUVnelVqWDZFTkZHRTl0MlVsOWNfc2V0bHN5amN5SWNxVG5FdE1VTThFQmJpcTdvUWdtRHhWUXJsTzNuZUd4b1BEWDgyU0JFZ1d6d2Q?oc=5\" target=\"_blank\" rel=\"nofollow noopener\">F\u00f6rs\u00e4kringsbolaget: S\u00e5 ska du g\u00f6ra om du drabbats av stormen<\/a>&nbsp;&nbsp;Sveriges Radio<\/li>\n<li><a href=\"https:\/\/news.google.com\/rss\/articles\/CBMilwFBVV95cUxNNW1UWHJBOGtKT2J4bDlDbEotaGV4UGlaTWk5OU10bl9aODJXeThsTWh5MVptOE02bTR4S0N0STFSc0Zmc3VUZF9CeHgwSzdET2FOS04wbW9tb1FYZFd3QldaaVZ2cUY0eDlaS1NIQkdTbzkzUG9IX01jdldtZXNlTzFJREdhdkR6YzlWNDBCS3g5QjhaSV9j?oc=5\" target=\"_blank\" rel=\"nofollow noopener\">Familjen fast i bilen \u2013 p\u00e5 grannens tomt<\/a>&nbsp;&nbsp;Aftonbladet<\/li>\n<li><a href=\"https:\/\/news.google.com\/rss\/articles\/CBMimgFBVV95cUxQZlJfaFdaMzlULTljYXBtZk5rWHFuRjNkUUZON3I3SHJlRXF5OFFTVWd1bE91VkNLVnJzV3doU0pfajFJdjIzRlZQS09fT2puTE1VV3YtNE9aeURRU3lGcURUQzJrZHFmVzhOc2xnMkcydWtDZjdySW0ybEJNc3gyd2tQM20xc1VlVXhGSm1TTDlTM1N1b1VVRlV3?oc=5\" target=\"_blank\" rel=\"nofollow noopener\">S\u00e5 g\u00e4ller f\u00f6rs\u00e4kringen vid skador efter en storm<\/a>&nbsp;&nbsp;Cision News<\/li>\n<li><a href=\"https:\/\/news.google.com\/rss\/articles\/CBMigwFBVV95cUxNcWR0al9fVHF0Zzg4YXRUOGVNc0lFSFkxVEZ6bUV2Tm9aV0VqTmZ3NmJwUVdZYkJra014V2tDYS0xWHp1bzVQQS15Z0N5VHBPQ0djWGU5aFF2dl9RRjhmTWFiSUUzMUNodXlvMDhkLVhHWlh2cnlWUnJYQ2E3SlpYUGpsNA?oc=5\" target=\"_blank\" rel=\"nofollow noopener\">Fick tr\u00e4d p\u00e5 huset: \u201dJag hade f\u00e5tt en hj\u00e4rtattack\u201d<\/a>&nbsp;&nbsp;Sundsvalls Tidning<\/li>\n<\/ol>\n","protected":false},"excerpt":{"rendered":"Nadjas stuga skadades i stormen: \u201dVet inte hur allvarligt det \u00e4r\u201d&nbsp;&nbsp;Hudiksvalls Tidning F\u00f6rs\u00e4kringsbolaget: S\u00e5 ska du g\u00f6ra om&hellip;\n","protected":false},"author":2,"featured_media":120017,"comment_status":"","ping_status":"","sticky":false,"template":"","format":"standard","meta":{"footnotes":""},"categories":[5],"tags":[22,23,26,27,17,21,24,25,28,29,15,16,18,34,31,33,32,30,19,20],"class_list":{"0":"post-120016","1":"post","2":"type-post","3":"status-publish","4":"format-standard","5":"has-post-thumbnail","7":"category-rubriker","8":"tag-breaking-news","9":"tag-breakingnews","10":"tag-featured-news","11":"tag-featurednews","12":"tag-headlines","13":"tag-huvudnyheter","14":"tag-latest-news","15":"tag-latestnews","16":"tag-main-news","17":"tag-mainnews","18":"tag-news","19":"tag-nyheter","20":"tag-rubriker","21":"tag-se","22":"tag-svenska","23":"tag-sverige","24":"tag-sweden","25":"tag-swedish","26":"tag-top-stories","27":"tag-topstories"},"share_on_mastodon":{"url":"https:\/\/pubeurope.com\/@se\/115803909179436578","error":""},"_links":{"self":[{"href":"https:\/\/www.europesays.com\/se\/wp-json\/wp\/v2\/posts\/120016","targetHints":{"allow":["GET"]}}],"collection":[{"href":"https:\/\/www.europesays.com\/se\/wp-json\/wp\/v2\/posts"}],"about":[{"href":"https:\/\/www.europesays.com\/se\/wp-json\/wp\/v2\/types\/post"}],"author":[{"embeddable":true,"href":"https:\/\/www.europesays.com\/se\/wp-json\/wp\/v2\/users\/2"}],"replies":[{"embeddable":true,"href":"https:\/\/www.europesays.com\/se\/wp-json\/wp\/v2\/comments?post=120016"}],"version-history":[{"count":0,"href":"https:\/\/www.europesays.com\/se\/wp-json\/wp\/v2\/posts\/120016\/revisions"}],"wp:featuredmedia":[{"embeddable":true,"href":"https:\/\/www.europesays.com\/se\/wp-json\/wp\/v2\/media\/120017"}],"wp:attachment":[{"href":"https:\/\/www.europesays.com\/se\/wp-json\/wp\/v2\/media?parent=120016"}],"wp:term":[{"taxonomy":"category","embeddable":true,"href":"https:\/\/www.europesays.com\/se\/wp-json\/wp\/v2\/categories?post=120016"},{"taxonomy":"post_tag","embeddable":true,"href":"https:\/\/www.europesays.com\/se\/wp-json\/wp\/v2\/tags?post=120016"}],"curies":[{"name":"wp","href":"https:\/\/api.w.org\/{rel}","templated":true}]}}