{"id":120029,"date":"2025-12-29T17:10:09","date_gmt":"2025-12-29T17:10:09","guid":{"rendered":"https:\/\/www.europesays.com\/se\/120029\/"},"modified":"2025-12-29T17:10:09","modified_gmt":"2025-12-29T17:10:09","slug":"kraftigt-kortade-vantetider-for-hoftoperationer-i-norrbotten-lakartidningen","status":"publish","type":"post","link":"https:\/\/www.europesays.com\/se\/120029\/","title":{"rendered":"Kraftigt kortade v\u00e4ntetider f\u00f6r h\u00f6ftoperationer i Norrbotten \u2013 L\u00e4kartidningen"},"content":{"rendered":"<p>V\u00e4ntetiden f\u00f6r att byta en h\u00f6ft i Region Norrbotten har minskat fr\u00e5n nio m\u00e5nader till mindre \u00e4n tre m\u00e5nader, den kortaste k\u00f6tiden sedan f\u00f6re pandemin. Regionen skriver p\u00e5 sin hemsida att minskningen \u00e4r resultatet av en satsning inom verksamhetsomr\u00e5de ortopedi med syfte att f\u00f6rb\u00e4ttra och effektivisera arbetet, till exempel genom att antalet dagkirurgiska ledprotesoperationer ut\u00f6kats.<\/p>\n<p>\u00bbVi har haft kv\u00e4lls\u00f6ppet p\u00e5 mottagningarna och kunnat nyttja fler operationssalar men det viktigaste har varit medarbetarnas engagemang och delaktighet. Det hade aldrig g\u00e5tt att genomf\u00f6ra utan deras extraordin\u00e4ra insatser\u00ab, s\u00e4ger Oscar Gustafsson, verksamhetsomr\u00e5deschef f\u00f6r ortopedin i ett uttalande. <\/p>\n<p>\n\t\tAnnons\t\t\t<\/p>\n<p>\t\t<a href=\"https:\/\/karriar.aleris.se\/jobs\/6934715-specialistlakare-till-aleris-asih-sodertalje-huddinge\" data-ad-target=\"link\" class=\"Ad-content\" rel=\"sponsored nofollow noopener\" target=\"_blank\"><\/p>\n<p>\t\t\t\t<img alt=\"Annons\" class=\"MediaWrapper-content Ad-image\" src=\"https:\/\/www.europesays.com\/se\/wp-content\/uploads\/2025\/12\/1767028209_181_banner1404x720.jpg\" data-lazy-load-target=\"content\" width=\"468\" height=\"240\" loading=\"lazy\" decoding=\"async\" fetchpriority=\"auto\"\/><\/p>\n<p>\t\t<\/a><\/p>\n","protected":false},"excerpt":{"rendered":"V\u00e4ntetiden f\u00f6r att byta en h\u00f6ft i Region Norrbotten har minskat fr\u00e5n nio m\u00e5nader till mindre \u00e4n tre&hellip;\n","protected":false},"author":2,"featured_media":83948,"comment_status":"","ping_status":"","sticky":false,"template":"","format":"standard","meta":{"footnotes":""},"categories":[12],"tags":[22,23,26,27,17,21,24,25,28,29,15,16,18,34,31,33,32,30,19,20],"class_list":{"0":"post-120029","1":"post","2":"type-post","3":"status-publish","4":"format-standard","5":"has-post-thumbnail","7":"category-sverige","8":"tag-breaking-news","9":"tag-breakingnews","10":"tag-featured-news","11":"tag-featurednews","12":"tag-headlines","13":"tag-huvudnyheter","14":"tag-latest-news","15":"tag-latestnews","16":"tag-main-news","17":"tag-mainnews","18":"tag-news","19":"tag-nyheter","20":"tag-rubriker","21":"tag-se","22":"tag-svenska","23":"tag-sverige","24":"tag-sweden","25":"tag-swedish","26":"tag-top-stories","27":"tag-topstories"},"share_on_mastodon":{"url":"https:\/\/pubeurope.com\/@se\/115803968200062696","error":""},"_links":{"self":[{"href":"https:\/\/www.europesays.com\/se\/wp-json\/wp\/v2\/posts\/120029","targetHints":{"allow":["GET"]}}],"collection":[{"href":"https:\/\/www.europesays.com\/se\/wp-json\/wp\/v2\/posts"}],"about":[{"href":"https:\/\/www.europesays.com\/se\/wp-json\/wp\/v2\/types\/post"}],"author":[{"embeddable":true,"href":"https:\/\/www.europesays.com\/se\/wp-json\/wp\/v2\/users\/2"}],"replies":[{"embeddable":true,"href":"https:\/\/www.europesays.com\/se\/wp-json\/wp\/v2\/comments?post=120029"}],"version-history":[{"count":0,"href":"https:\/\/www.europesays.com\/se\/wp-json\/wp\/v2\/posts\/120029\/revisions"}],"wp:featuredmedia":[{"embeddable":true,"href":"https:\/\/www.europesays.com\/se\/wp-json\/wp\/v2\/media\/83948"}],"wp:attachment":[{"href":"https:\/\/www.europesays.com\/se\/wp-json\/wp\/v2\/media?parent=120029"}],"wp:term":[{"taxonomy":"category","embeddable":true,"href":"https:\/\/www.europesays.com\/se\/wp-json\/wp\/v2\/categories?post=120029"},{"taxonomy":"post_tag","embeddable":true,"href":"https:\/\/www.europesays.com\/se\/wp-json\/wp\/v2\/tags?post=120029"}],"curies":[{"name":"wp","href":"https:\/\/api.w.org\/{rel}","templated":true}]}}