{"id":120030,"date":"2025-12-29T17:11:31","date_gmt":"2025-12-29T17:11:31","guid":{"rendered":"https:\/\/www.europesays.com\/se\/120030\/"},"modified":"2025-12-29T17:11:31","modified_gmt":"2025-12-29T17:11:31","slug":"senators-ger-ullmark-ledigt-nhl-com-sv","status":"publish","type":"post","link":"https:\/\/www.europesays.com\/se\/120030\/","title":{"rendered":"Senators ger Ullmark ledigt | NHL.com\/sv"},"content":{"rendered":"<p>Ottawa Senators ger Linus Ullmark till\u00e5telse att vara ifr\u00e5n laget den kommande tiden. Anledningen \u00e4r personliga sk\u00e4l skriver Senators i ett pressmeddelande.<\/p>\n<p>\u2013 Linus har fullt st\u00f6d fr\u00e5n v\u00e5r organisation under den h\u00e4r tiden. Med respekt till Linus kommer vi inte att ge n\u00e5gra vidare kommentarer, s\u00e4ger Senators president f\u00f6r hockeyverksamheten och general manager Steve Staios.<\/p>\n<p>Ullmark har 14 vinster, ett snitt p\u00e5 2,95 insl\u00e4ppta m\u00e5l per match, 88,1 i r\u00e4ddningsprocent och en h\u00e5llen nolla p\u00e5 28 framtr\u00e4danden den h\u00e4r s\u00e4songen.<\/p>\n","protected":false},"excerpt":{"rendered":"Ottawa Senators ger Linus Ullmark till\u00e5telse att vara ifr\u00e5n laget den kommande tiden. Anledningen \u00e4r personliga sk\u00e4l skriver&hellip;\n","protected":false},"author":2,"featured_media":120031,"comment_status":"","ping_status":"","sticky":false,"template":"","format":"standard","meta":{"footnotes":""},"categories":[5],"tags":[22,23,26,27,17,21,24,25,28,29,15,16,18,34,31,33,32,30,19,20],"class_list":{"0":"post-120030","1":"post","2":"type-post","3":"status-publish","4":"format-standard","5":"has-post-thumbnail","7":"category-rubriker","8":"tag-breaking-news","9":"tag-breakingnews","10":"tag-featured-news","11":"tag-featurednews","12":"tag-headlines","13":"tag-huvudnyheter","14":"tag-latest-news","15":"tag-latestnews","16":"tag-main-news","17":"tag-mainnews","18":"tag-news","19":"tag-nyheter","20":"tag-rubriker","21":"tag-se","22":"tag-svenska","23":"tag-sverige","24":"tag-sweden","25":"tag-swedish","26":"tag-top-stories","27":"tag-topstories"},"share_on_mastodon":{"url":"https:\/\/pubeurope.com\/@se\/115803972052784337","error":""},"_links":{"self":[{"href":"https:\/\/www.europesays.com\/se\/wp-json\/wp\/v2\/posts\/120030","targetHints":{"allow":["GET"]}}],"collection":[{"href":"https:\/\/www.europesays.com\/se\/wp-json\/wp\/v2\/posts"}],"about":[{"href":"https:\/\/www.europesays.com\/se\/wp-json\/wp\/v2\/types\/post"}],"author":[{"embeddable":true,"href":"https:\/\/www.europesays.com\/se\/wp-json\/wp\/v2\/users\/2"}],"replies":[{"embeddable":true,"href":"https:\/\/www.europesays.com\/se\/wp-json\/wp\/v2\/comments?post=120030"}],"version-history":[{"count":0,"href":"https:\/\/www.europesays.com\/se\/wp-json\/wp\/v2\/posts\/120030\/revisions"}],"wp:featuredmedia":[{"embeddable":true,"href":"https:\/\/www.europesays.com\/se\/wp-json\/wp\/v2\/media\/120031"}],"wp:attachment":[{"href":"https:\/\/www.europesays.com\/se\/wp-json\/wp\/v2\/media?parent=120030"}],"wp:term":[{"taxonomy":"category","embeddable":true,"href":"https:\/\/www.europesays.com\/se\/wp-json\/wp\/v2\/categories?post=120030"},{"taxonomy":"post_tag","embeddable":true,"href":"https:\/\/www.europesays.com\/se\/wp-json\/wp\/v2\/tags?post=120030"}],"curies":[{"name":"wp","href":"https:\/\/api.w.org\/{rel}","templated":true}]}}