{"id":120036,"date":"2025-12-29T17:17:09","date_gmt":"2025-12-29T17:17:09","guid":{"rendered":"https:\/\/www.europesays.com\/se\/120036\/"},"modified":"2025-12-29T17:17:09","modified_gmt":"2025-12-29T17:17:09","slug":"ukraina-om-pastadd-attack-mot-putins-palats-logn-vasterbottens-kuriren","status":"publish","type":"post","link":"https:\/\/www.europesays.com\/se\/120036\/","title":{"rendered":"Ukraina om p\u00e5st\u00e5dd attack mot Putins palats: L\u00f6gn &#8211; V\u00e4sterbottens-Kuriren"},"content":{"rendered":"<ol>\n<li><a href=\"https:\/\/news.google.com\/rss\/articles\/CBMiiwFBVV95cUxNblRGY1FtaF9SNFRPazN2REQ0R2RISVlJdEpITTBCNU1fMHQ3ajNqZjNpLTlTT2VZQlhmWGZZZEhQT2hXWC1pNmtlSF9nSXRleWNXQy1lSFo0STJfNUVFOTIyaXJrd1FseHRUTzVEVmdsVG9sZkZOb05aNVM0OWhTdWR5U2gxOGs2eHVz?oc=5\" target=\"_blank\" rel=\"nofollow noopener\">Ukraina om p\u00e5st\u00e5dd attack mot Putins palats: L\u00f6gn<\/a>&nbsp;&nbsp;V\u00e4sterbottens-Kuriren<\/li>\n<li><a href=\"https:\/\/news.google.com\/rss\/articles\/CBMijgFBVV95cUxONGdsN3lJdVprcDd6OWNPdDdDVDJRVTl6NE5xNnN6ajFIdkdqZ0RmelJreWpKUF9JU2c2T055OGpZM1g0MmZ4TVVXRXNiTV9kaEFsbFIzckZQUVcwVzQydnp2RjRSYTVTQlhvWGZidVFFWXFGVUdzMFJ6V1hLS0tjQUdrQ2dZMWVxWmFCdWJR?oc=5\" target=\"_blank\" rel=\"nofollow noopener\">Ryssland: Ukraina har attackerat Putins bostad<\/a>&nbsp;&nbsp;Aftonbladet<\/li>\n<li><a href=\"https:\/\/news.google.com\/rss\/articles\/CBMijgFBVV95cUxPQ0RVTWxyc25WM3hhMnVvdWN6NjFKcVNZT2lfU040bkM5aF9BVGpjT08yYmN0eWxRcXBnc2Q0Sjk3S3lWbnkzbGFxc2xTeWNUejdULW41bHMwenFsM2tMY2hKb1diQ3l0dkNBYTJibmVQSjZhQnc4ZHJ3Y2ZlSFExQ3R5dmhVMTBXX2o5MUJn?oc=5\" target=\"_blank\" rel=\"nofollow noopener\">Kreml: Ukraina f\u00f6rs\u00f6kte attackera Putins residens<\/a>&nbsp;&nbsp;Sveriges Radio<\/li>\n<li><a href=\"https:\/\/news.google.com\/rss\/articles\/CBMisgFBVV95cUxON0hNUzJ0Q1lWZUxVNDlMYXFOZnM1akQyUGM0OTJfWUY0T21RSTdaX2ZWV2g4QjRyVGJhT3pOMmtkbXZFUFp0dzFGWndrR3FkYmRiYlVMdEJMM2VGUGlseVQ3d2tnbEFYWG5RRGJ1bzFSNGtONlI4M3NCZVRxQlhFUGpIYW9Pa2xUSm5NeVg2WXBQN281MHZoZE5vUGczd19oOGdCVURRTzVwRDNKSm13azFR?oc=5\" target=\"_blank\" rel=\"nofollow noopener\">Ryssland: Ukraina f\u00f6rs\u00f6kte attackera Putins bostad \u2013 Senaste nytt om kriget i Ukraina<\/a>&nbsp;&nbsp;SVT Nyheter<\/li>\n<li><a href=\"https:\/\/news.google.com\/rss\/articles\/CBMijwFBVV95cUxNcWJ2UHRZd245ZGlLLXFqT3JqOUJ6R0p4d3NiaEdBU1dwcTIxeVNlcm4zZlZvdzlxeFlPTzJ3Q2RRaExUQ3BkOVRVYjdWeVk4T2NuYVRucFFSMHNvWFFzTDY5Xzd2Wmh0MHNuaGVab1BPTUR5MnZZZURVYWtndFZ2c3Nkbnh2d3BLN1NLajQ0MA?oc=5\" target=\"_blank\" rel=\"nofollow noopener\">Ryssland: Ukrainsk attack mot Putins residens<\/a>&nbsp;&nbsp;Expressen<\/li>\n<\/ol>\n","protected":false},"excerpt":{"rendered":"Ukraina om p\u00e5st\u00e5dd attack mot Putins palats: L\u00f6gn&nbsp;&nbsp;V\u00e4sterbottens-Kuriren Ryssland: Ukraina har attackerat Putins bostad&nbsp;&nbsp;Aftonbladet Kreml: Ukraina f\u00f6rs\u00f6kte attackera&hellip;\n","protected":false},"author":2,"featured_media":120037,"comment_status":"","ping_status":"","sticky":false,"template":"","format":"standard","meta":{"footnotes":""},"categories":[14],"tags":[22,23,26,27,17,21,24,25,28,29,15,16,18,34,31,33,32,30,19,20,51,52,53,54],"class_list":{"0":"post-120036","1":"post","2":"type-post","3":"status-publish","4":"format-standard","5":"has-post-thumbnail","7":"category-varlden","8":"tag-breaking-news","9":"tag-breakingnews","10":"tag-featured-news","11":"tag-featurednews","12":"tag-headlines","13":"tag-huvudnyheter","14":"tag-latest-news","15":"tag-latestnews","16":"tag-main-news","17":"tag-mainnews","18":"tag-news","19":"tag-nyheter","20":"tag-rubriker","21":"tag-se","22":"tag-svenska","23":"tag-sverige","24":"tag-sweden","25":"tag-swedish","26":"tag-top-stories","27":"tag-topstories","28":"tag-varlden","29":"tag-world","30":"tag-world-news","31":"tag-worldnews"},"share_on_mastodon":{"url":"https:\/\/pubeurope.com\/@se\/115803995838907463","error":""},"_links":{"self":[{"href":"https:\/\/www.europesays.com\/se\/wp-json\/wp\/v2\/posts\/120036","targetHints":{"allow":["GET"]}}],"collection":[{"href":"https:\/\/www.europesays.com\/se\/wp-json\/wp\/v2\/posts"}],"about":[{"href":"https:\/\/www.europesays.com\/se\/wp-json\/wp\/v2\/types\/post"}],"author":[{"embeddable":true,"href":"https:\/\/www.europesays.com\/se\/wp-json\/wp\/v2\/users\/2"}],"replies":[{"embeddable":true,"href":"https:\/\/www.europesays.com\/se\/wp-json\/wp\/v2\/comments?post=120036"}],"version-history":[{"count":0,"href":"https:\/\/www.europesays.com\/se\/wp-json\/wp\/v2\/posts\/120036\/revisions"}],"wp:featuredmedia":[{"embeddable":true,"href":"https:\/\/www.europesays.com\/se\/wp-json\/wp\/v2\/media\/120037"}],"wp:attachment":[{"href":"https:\/\/www.europesays.com\/se\/wp-json\/wp\/v2\/media?parent=120036"}],"wp:term":[{"taxonomy":"category","embeddable":true,"href":"https:\/\/www.europesays.com\/se\/wp-json\/wp\/v2\/categories?post=120036"},{"taxonomy":"post_tag","embeddable":true,"href":"https:\/\/www.europesays.com\/se\/wp-json\/wp\/v2\/tags?post=120036"}],"curies":[{"name":"wp","href":"https:\/\/api.w.org\/{rel}","templated":true}]}}