{"id":120038,"date":"2025-12-29T17:18:20","date_gmt":"2025-12-29T17:18:20","guid":{"rendered":"https:\/\/www.europesays.com\/se\/120038\/"},"modified":"2025-12-29T17:18:20","modified_gmt":"2025-12-29T17:18:20","slug":"riksdagskaos-att-vanda-efter-valet-2026","status":"publish","type":"post","link":"https:\/\/www.europesays.com\/se\/120038\/","title":{"rendered":"Riksdagskaos att v\u00e4nda efter valet 2026"},"content":{"rendered":"<p><strong>Tid\u00f6samarbetets mandat l\u00f6per<\/strong> strax ut och under v\u00e5ren v\u00e4ntas en stor m\u00e4ngd lagf\u00f6rslag l\u00e4ggas fram till riksdagen. Regeringen har f\u00e5tt mycket utr\u00e4ttat och det b\u00f6r rimligen \u00e4ven oppositionen h\u00e5lla med om. Det finns en enkel f\u00f6rklaring till detta. Regeringsunderlagets fyra partier gjorde ett grundligt f\u00f6rberedelsejobb med sitt Tid\u00f6avtal. De f\u00f6rfogar dessutom \u00f6ver en majoritet, vilket inneb\u00e4r att samtliga propositioner har g\u00e5tt igenom i riksdagen.<\/p>\n<p>Detta har inte h\u00e4nt sedan regeringen Reinfeldts f\u00f6rsta period 2006\u20132010, d\u00e5 stora reformer genomf\u00f6rdes. Reinfeldts andra regering var d\u00e4remot passiv \u2013 man avstod fr\u00e5n reformer eftersom regeringen inte l\u00e4ngre hade majoritet. Och under de S-ledda tv\u00e5 mandatperioder som f\u00f6ljde r\u00e5dde kaos. Regeringen f\u00f6rlorade tre av \u00e5tta budgetomr\u00f6stningar och tvingades under de tre \u00e5ren styra p\u00e5 motst\u00e5ndarsidans budget. Den v\u00e4rsta regeringskrisen sedan demokratins inf\u00f6rande intr\u00e4ffade 2021, d\u00e5 statsminister Stefan L\u00f6fven (S) avsattes av riksdagen.<\/p>\n<p>S\u00e5 vad h\u00e4nder nu? P\u00e5 ytan ser l\u00e4get ut som inf\u00f6r valet 2022. Det finns tv\u00e5 alternativ, allts\u00e5 tv\u00e5 statsministerkandidater, Ulf Kristersson (M) och Magdalena Andersson (S). Dessa b\u00e5da f\u00f6rfogar \u00f6ver var sin konstellation som kan f\u00e5 majoritet. P\u00e5 papperet ser det inte ut att bli inte n\u00e5gon l\u00e5ngdragen regeringsbildning som efter valet 2018.<\/p>\n<p><img loading=\"lazy\" decoding=\"async\" class=\"image__el\" src=\"https:\/\/www.europesays.com\/se\/wp-content\/uploads\/2025\/12\/20659ed2-54dd-4e18-a41c-0037421db9f6.jpeg\"   height=\"1080\" width=\"1920\" alt=\"Tid\u00f6partierna har majoritet, vilket inte har h\u00e4nt sedan Alliansens f\u00f6rsta mandatperiod. H\u00e4r syns d\u00e5varande partiledarna f\u00f6r alliansen Jan Bj\u00f6rklund (L), Maud Olofsson (C), G\u00f6ran H\u00e4gglund (KD) och Fredrik Reinfeldt (M). \" onerror=\"this.style.visibility='hidden'; this.classList.add('load-error')\"\/>Tid\u00f6partierna har majoritet, vilket inte har h\u00e4nt sedan Alliansens f\u00f6rsta mandatperiod. H\u00e4r syns d\u00e5varande partiledarna f\u00f6r alliansen Jan Bj\u00f6rklund (L), Maud Olofsson (C), G\u00f6ran H\u00e4gglund (KD) och Fredrik Reinfeldt (M). Foto: ANDERS WIKLUND \/ TT<\/p>\n<p>Men det finns en annan bild, som mycket v\u00e4l kan intr\u00e4ffa \u2013 kaos.<\/p>\n<p><strong>Om Magdalena Anderssons <\/strong>sida (S, V, MP, C) vinner en riksdagsmajoritet kan regeringsbildningen bli besv\u00e4rlig. Fr\u00e4mst f\u00f6r att Centerpartiet och V\u00e4nsterpartiet har v\u00e4sensskilda politiska program. Men ocks\u00e5 f\u00f6r att V\u00e4nsterpartiet har kr\u00e4vt att f\u00e5 sitta med i en regering, allts\u00e5 inte endast vara ett st\u00f6dparti \u2013 n\u00e5got som Centerpartiet hittills har motsatt sig.<\/p>\n<p>Om Magdalena Andersson i st\u00e4llet v\u00e4ljer en l\u00f6sning med st\u00f6dpartier, som st\u00e5r utanf\u00f6r sj\u00e4lva regeringen \u2013 d\u00e5 hamnar hon i samma situation som under Januariavtalet. Den g\u00e5ngen tr\u00f6ttnade v\u00e4nsterpartisterna p\u00e5 att tolerera en regering d\u00e4r de saknade inflytande \u2013 och gjorde gemensam sak med Sverigedemokraterna f\u00f6r att f\u00e4lla regeringen.<\/p>\n<p>Inte heller Socialdemokraterna \u00e4r \u00f6verf\u00f6rtjusta i att dela regeringsmakten med V\u00e4nsterpartiet. Man kan d\u00e4rmed r\u00e4kna med att det uppst\u00e5r spontana samtal eller organiserade f\u00f6rhandlingar mellan S och L eller mellan S och KD \u2013 s\u00e5 l\u00e4nge som det kan hj\u00e4lpa S att n\u00e5 en majoritet.<\/p>\n<p>Liberalerna har samarbetat med Socialdemokraterna f\u00f6rut, under Januariavtalet. Kristdemokraterna har i flera sammanhang visat att det r\u00e5der ett gott samarbetsklimat med S. Bland annat n\u00e4r partiledaren Ebba Busch ber\u00f6mde Socialdemokraternas engagemang i de kraschade energif\u00f6rhandlingarna. Ebba Busch har ocks\u00e5 uttryckt viss sympati f\u00f6r S-kravet att karensavdraget ska slopas. Sedan tidigare finns en falang inom KD runt socialminister Jakob Forssmed som p\u00e5 olika omr\u00e5den f\u00f6retr\u00e4der en politik som lutar mer i en S-riktning \u00e4n \u00e5t h\u00f6ger.<\/p>\n<p><img loading=\"lazy\" decoding=\"async\" class=\"image__el\" src=\"https:\/\/www.europesays.com\/se\/wp-content\/uploads\/2025\/12\/2dc7b7c3-536c-465a-84c0-9f6559b86ce6.jpeg\"   height=\"1280\" width=\"1920\" alt=\"Sverigedemokraternas partiledare Jimmie \u00c5kesson har tidigare meddelat att partiet kommer att r\u00f6sta mot alla regeringar partiet sj\u00e4lvt inte sitter i. \" onerror=\"this.style.visibility='hidden'; this.classList.add('load-error')\"\/>Sverigedemokraternas partiledare Jimmie \u00c5kesson har tidigare meddelat att partiet kommer att r\u00f6sta mot alla regeringar partiet sj\u00e4lvt inte sitter i. Foto: Anders Wiklund\/TT<\/p>\n<p><strong>\u00c4ven om Ulf Kristerssons sida <\/strong>vinner valet finns en risk att det blir kaos. Inte f\u00f6r att det skulle bli strid om vem som ska vara statsminister. Det kommer att vara Ulf Kristersson \u00e4ven om Sverigedemokraterna blir en bra bit st\u00f6rre \u00e4n Moderaterna.<\/p>\n<p>Krisen skulle snarare bero p\u00e5 att det inte finns en rimlig chans att SD backar fr\u00e5n sitt krav p\u00e5 ministerposter, n\u00e5got som har framf\u00f6rts tydligt och konsekvent. Om L inte kommer in i riksdagen, och Kristerssons sida \u00e4nd\u00e5 vinner, blir detta inte n\u00e5got problem. Men om Liberalerna kommer in och dess mandat beh\u00f6vs f\u00f6r en majoritet blir det r\u00f6rigt eftersom partiet har lovat att f\u00e4lla en Kristerssonregering d\u00e4r SD ing\u00e5r.<\/p>\n<p>R\u00e4kna allts\u00e5 med risken f\u00f6r att det blir en regering som har sl\u00e4ppts fram av ett st\u00f6dparti vars st\u00f6d inte kommer att best\u00e5 en hel mandatperiod. Eller risken f\u00f6r att det ska bli en regering med s\u00e5 pass stora sp\u00e4nningar i viktiga sakfr\u00e5gor, att den kan falla p\u00e5 grund av politiska mots\u00e4ttningar.<\/p>\n<p>Vid sidan av en parlamentarisk oreda kan det ocks\u00e5 uppst\u00e5 en annan sorts instabilitet som kan p\u00e5verka n\u00e4ringslivets l\u00e5ngsiktiga spelregler. Det handlar om att ig\u00e5ngsatta politiska processer inte fullf\u00f6ljs efter ett regeringsskifte.<\/p>\n<p>I f\u00f6rsta hand handlar det om energipolitiken. Socialdemokraterna \u00f6nskade l\u00e4nge en block\u00f6verskridande \u00f6verenskommelse om villkoren f\u00f6r b\u00e5de ny k\u00e4rnkraft och havsbaserad vindkraft. S\u00e5 blev det inte, men partiet har \u00e4nd\u00e5 st\u00e4llt sig bakom finansieringsmodellen f\u00f6r ny k\u00e4rnkraft.<\/p>\n<p><img loading=\"lazy\" decoding=\"async\" class=\"image__el\" src=\"https:\/\/www.europesays.com\/se\/wp-content\/uploads\/2025\/12\/e059a3dd-47a0-4eea-9322-3d1ac05318d3.jpeg\"   height=\"1282\" width=\"1920\" alt=\"V-ledaren Nooshi Dadgostar har sagt att V\u00e4nsterpartiet kr\u00e4ver att ta plats i en S-ledd regering. \" onerror=\"this.style.visibility='hidden'; this.classList.add('load-error')\"\/>V-ledaren Nooshi Dadgostar har sagt att V\u00e4nsterpartiet kr\u00e4ver att ta plats i en S-ledd regering. Foto: Anders Wiklund\/TT<\/p>\n<p>Lagstiftningen \u00e4r p\u00e5 plats och statliga Vattenfall har bildat sitt projektbolag tillsammans med nio storbolag, och staten ska g\u00e5 in med sin riskdelning. Men ingen spade har satts i marken vid Ringhals.<\/p>\n<p>Det finns en m\u00f6jlighet att en ny regering river upp fattade beslut, eftersom flera av de partier som Magdalena Andersson m\u00e5ste samarbeta med \u00e4r motst\u00e5ndare till nya reaktorer, eller \u00e5tminstone skeptiska. Kommer hon att kunna h\u00e5lla fast vid sitt ja till uppl\u00e4gget f\u00f6r k\u00e4rnkraftsutbyggnaden?<\/p>\n<p>N\u00e4r det g\u00e4ller de beslut som tagits i kriminal- och migrationspolitiken kan samma fr\u00e5gor st\u00e4llas. Milj\u00f6partiet, V\u00e4nsterpartiet och Centerpartiet har i varierande grad ifr\u00e5gasatt den nya lagstiftningen p\u00e5 dessa omr\u00e5den.<\/p>\n<p><strong>Historiskt har Socialdemokraterna <\/strong>inte gjort \u201d\u00e5terst\u00e4llare\u201d av beslut som borgerliga regeringar har tagit. I varje fall har det inte skett n\u00e4r det g\u00e4ller tyngre reformer som redan har tr\u00e4tt i kraft och n\u00e5tt ut till medborgarna. Friskolesystemet blev kvar fast S var emot det. Skattes\u00e4nkningarna likas\u00e5. Privatiseringar av statliga bolag och avregleringar har inte backats tillbaka.\u00a0<\/p>\n<p>Men Magdalena Andersson har ett tryck p\u00e5 sig, att efter en valvinst bilda en regering som st\u00f6der sig p\u00e5 en majoritet. Det kommer att kr\u00e4va eftergifter till V\u00e4nsterpartiet, Milj\u00f6partiet eller b\u00e5da tv\u00e5. R\u00e4kna med sv\u00e5ra f\u00f6rhandlingar och kompromisser till Socialdemokraternas nackdel.<\/p>\n<p>Ett m\u00f6jligt utfall i h\u00f6stens val \u00e4r att en h\u00f6gerregering som har h\u00e5llit samman i fyra \u00e5r blir omvald. Eller att V\u00e4nsterpartiet f\u00f6r f\u00f6rsta g\u00e5ngen f\u00e5r ministerposter. Eller att Liberalerna eller Centerpartiet \u2013 b\u00e5da en g\u00e5ng 25-procentspartier \u2013 \u00e5ker ut ur riksdagen. Eller b\u00e5da tv\u00e5.<\/p>\n<p>Oavsett vilket ser 2026 ut att bli ett av de svenska val\u00e5r som g\u00e5r till historien.<\/p>\n<p>T\u00e4nk om&#8230;<\/p>\n<p>\u2026Sverige i \u00e5r b\u00f6rjar n\u00e4rma sig en euroanslutning och d\u00e4rmed Europasamarbetets k\u00e4rna. Politiskt sett \u00e4r det Socialdemokraterna som har nyckeln till en s\u00e5dan utveckling. Det \u00e4r S som har suttit vid makten n\u00e4r stora skiften har initierats, som d\u00e5 EU-ans\u00f6kan l\u00e4mnades in 1991.<\/p>\n<p>Moderaterna tycks vilja g\u00e5 f\u00f6rsiktigt fram och samarbetspartiet SD \u00e4r inte alls intresserat. Den h\u00e4r typen av fr\u00e5gor brukar kr\u00e4va att S och M \u00e4r \u00f6verens, s\u00e5 om S tar upp eurofr\u00e5gan kommer Moderaterna att f\u00e5 mer br\u00e5ttom.<\/p>\n","protected":false},"excerpt":{"rendered":"Tid\u00f6samarbetets mandat l\u00f6per strax ut och under v\u00e5ren v\u00e4ntas en stor m\u00e4ngd lagf\u00f6rslag l\u00e4ggas fram till riksdagen. Regeringen&hellip;\n","protected":false},"author":2,"featured_media":120039,"comment_status":"","ping_status":"","sticky":false,"template":"","format":"standard","meta":{"footnotes":""},"categories":[12],"tags":[22,23,26,27,17,21,24,25,28,29,15,16,18,34,31,33,32,30,19,20],"class_list":{"0":"post-120038","1":"post","2":"type-post","3":"status-publish","4":"format-standard","5":"has-post-thumbnail","7":"category-sverige","8":"tag-breaking-news","9":"tag-breakingnews","10":"tag-featured-news","11":"tag-featurednews","12":"tag-headlines","13":"tag-huvudnyheter","14":"tag-latest-news","15":"tag-latestnews","16":"tag-main-news","17":"tag-mainnews","18":"tag-news","19":"tag-nyheter","20":"tag-rubriker","21":"tag-se","22":"tag-svenska","23":"tag-sverige","24":"tag-sweden","25":"tag-swedish","26":"tag-top-stories","27":"tag-topstories"},"share_on_mastodon":{"url":"https:\/\/pubeurope.com\/@se\/115803999732895708","error":""},"_links":{"self":[{"href":"https:\/\/www.europesays.com\/se\/wp-json\/wp\/v2\/posts\/120038","targetHints":{"allow":["GET"]}}],"collection":[{"href":"https:\/\/www.europesays.com\/se\/wp-json\/wp\/v2\/posts"}],"about":[{"href":"https:\/\/www.europesays.com\/se\/wp-json\/wp\/v2\/types\/post"}],"author":[{"embeddable":true,"href":"https:\/\/www.europesays.com\/se\/wp-json\/wp\/v2\/users\/2"}],"replies":[{"embeddable":true,"href":"https:\/\/www.europesays.com\/se\/wp-json\/wp\/v2\/comments?post=120038"}],"version-history":[{"count":0,"href":"https:\/\/www.europesays.com\/se\/wp-json\/wp\/v2\/posts\/120038\/revisions"}],"wp:featuredmedia":[{"embeddable":true,"href":"https:\/\/www.europesays.com\/se\/wp-json\/wp\/v2\/media\/120039"}],"wp:attachment":[{"href":"https:\/\/www.europesays.com\/se\/wp-json\/wp\/v2\/media?parent=120038"}],"wp:term":[{"taxonomy":"category","embeddable":true,"href":"https:\/\/www.europesays.com\/se\/wp-json\/wp\/v2\/categories?post=120038"},{"taxonomy":"post_tag","embeddable":true,"href":"https:\/\/www.europesays.com\/se\/wp-json\/wp\/v2\/tags?post=120038"}],"curies":[{"name":"wp","href":"https:\/\/api.w.org\/{rel}","templated":true}]}}