{"id":120040,"date":"2025-12-29T17:19:47","date_gmt":"2025-12-29T17:19:47","guid":{"rendered":"https:\/\/www.europesays.com\/se\/120040\/"},"modified":"2025-12-29T17:19:47","modified_gmt":"2025-12-29T17:19:47","slug":"kristersson-om-de-misstankta-morden-under-julhelgen-mardromslikt","status":"publish","type":"post","link":"https:\/\/www.europesays.com\/se\/120040\/","title":{"rendered":"Kristersson om de misst\u00e4nkta morden under julhelgen: Mardr\u00f6mslikt"},"content":{"rendered":"<p>P\u00e5 juldagen m\u00f6rdades en kvinna i 55-\u00e5rs\u00e5ldern i Boden, och p\u00e5 s\u00f6ndagen anh\u00f6lls en person misst\u00e4nkt f\u00f6r att ha d\u00f6dat en 25-\u00e5rig kvinna i R\u00f6nninge sydv\u00e4st om Stockholm.<\/p>\n<p>\u201dDet \u00e4r mycket som vi fortfarande inte vet, och polisen utf\u00f6r nu sitt viktiga arbete med att utreda vad som h\u00e4nt i b\u00e5da fallen. Men redan det som \u00e4r k\u00e4nt \u00e4r mardr\u00f6mslikt och leder till oro och r\u00e4dsla, inte minst hos m\u00e5nga kvinnor\u201d, skriver Kristersson,<\/p>\n<p>\u201dJag f\u00f6rst\u00e5r att ingenting just nu kan s\u00e4gas som mildrar sorgen f\u00f6r offrens familjer och anh\u00f6riga, men de ska veta att mina tankar \u00e4r hos dem, och att vi \u00e4r m\u00e5nga som b\u00e4r sorgen tillsammans med dem\u201d, forts\u00e4tter han.<\/p>\n","protected":false},"excerpt":{"rendered":"P\u00e5 juldagen m\u00f6rdades en kvinna i 55-\u00e5rs\u00e5ldern i Boden, och p\u00e5 s\u00f6ndagen anh\u00f6lls en person misst\u00e4nkt f\u00f6r att&hellip;\n","protected":false},"author":2,"featured_media":120041,"comment_status":"","ping_status":"","sticky":false,"template":"","format":"standard","meta":{"footnotes":""},"categories":[5],"tags":[22,23,26,27,17,21,24,25,28,29,15,16,18,34,31,33,32,30,19,20],"class_list":{"0":"post-120040","1":"post","2":"type-post","3":"status-publish","4":"format-standard","5":"has-post-thumbnail","7":"category-rubriker","8":"tag-breaking-news","9":"tag-breakingnews","10":"tag-featured-news","11":"tag-featurednews","12":"tag-headlines","13":"tag-huvudnyheter","14":"tag-latest-news","15":"tag-latestnews","16":"tag-main-news","17":"tag-mainnews","18":"tag-news","19":"tag-nyheter","20":"tag-rubriker","21":"tag-se","22":"tag-svenska","23":"tag-sverige","24":"tag-sweden","25":"tag-swedish","26":"tag-top-stories","27":"tag-topstories"},"share_on_mastodon":{"url":"https:\/\/pubeurope.com\/@se\/115804007508442647","error":""},"_links":{"self":[{"href":"https:\/\/www.europesays.com\/se\/wp-json\/wp\/v2\/posts\/120040","targetHints":{"allow":["GET"]}}],"collection":[{"href":"https:\/\/www.europesays.com\/se\/wp-json\/wp\/v2\/posts"}],"about":[{"href":"https:\/\/www.europesays.com\/se\/wp-json\/wp\/v2\/types\/post"}],"author":[{"embeddable":true,"href":"https:\/\/www.europesays.com\/se\/wp-json\/wp\/v2\/users\/2"}],"replies":[{"embeddable":true,"href":"https:\/\/www.europesays.com\/se\/wp-json\/wp\/v2\/comments?post=120040"}],"version-history":[{"count":0,"href":"https:\/\/www.europesays.com\/se\/wp-json\/wp\/v2\/posts\/120040\/revisions"}],"wp:featuredmedia":[{"embeddable":true,"href":"https:\/\/www.europesays.com\/se\/wp-json\/wp\/v2\/media\/120041"}],"wp:attachment":[{"href":"https:\/\/www.europesays.com\/se\/wp-json\/wp\/v2\/media?parent=120040"}],"wp:term":[{"taxonomy":"category","embeddable":true,"href":"https:\/\/www.europesays.com\/se\/wp-json\/wp\/v2\/categories?post=120040"},{"taxonomy":"post_tag","embeddable":true,"href":"https:\/\/www.europesays.com\/se\/wp-json\/wp\/v2\/tags?post=120040"}],"curies":[{"name":"wp","href":"https:\/\/api.w.org\/{rel}","templated":true}]}}