{"id":120042,"date":"2025-12-29T17:21:06","date_gmt":"2025-12-29T17:21:06","guid":{"rendered":"https:\/\/www.europesays.com\/se\/120042\/"},"modified":"2025-12-29T17:21:06","modified_gmt":"2025-12-29T17:21:06","slug":"sverige-byter-malvakt-ikonens-son-vaktar-kassen","status":"publish","type":"post","link":"https:\/\/www.europesays.com\/se\/120042\/","title":{"rendered":"Sverige byter m\u00e5lvakt \u2013 ikonens son vaktar kassen"},"content":{"rendered":"<p class=\"sc-c25743f0-0 sc-e37c0145-2 hObFds DQgPn\"><strong>Love H\u00e4renstam har vaktat m\u00e5let i de tv\u00e5 f\u00f6rsta matcherna i Junior-VM.<\/strong><\/p>\n<p class=\"sc-c25743f0-0 sc-e37c0145-2 hObFds DQgPn\"><strong>Nu f\u00e5r Herman Liv, son till den avlidne m\u00e5lvaktsikonen Stefan, chansen. <\/strong><\/p>\n<p class=\"sc-c25743f0-0 sc-e37c0145-2 hObFds DQgPn\">Juniorkronorna har inlett m\u00e4sterskapet i Minnesota, USA, p\u00e5 b\u00e4sta s\u00e4tt. Tv\u00e5 raka segrar mot Slovakien och Schweiz.<\/p>\n<p class=\"sc-c25743f0-0 sc-e37c0145-2 hObFds DQgPn\">Nu v\u00e4ljer dock f\u00f6rbundskapten Magnus H\u00e4velid att g\u00f6ra ett skifte. Herman Liv kommer vakta kassen mot Tyskland i den tredje gruppspelsmatchen. <\/p>\n<p class=\"sc-c25743f0-0 sc-e37c0145-2 hObFds DQgPn\">Liv stod i tr\u00e4ningsmatcherna inf\u00f6r turneringen men har f\u00e5tt st\u00e5 vid sidan de f\u00f6rsta tv\u00e5 matcherna i gruppspelet. <\/p>\n<p class=\"sc-c25743f0-0 sc-e37c0145-2 hObFds DQgPn\">Herman Livs pappa \u00e4r Stefan Liv, som gick bort efter en flygolycka i Ryssland 2011, 30 \u00e5r gammal. F\u00f6re olyckan var han med och vann OS-guld och VM-guld med Tre Kronor 2006. <\/p>\n<p class=\"sc-c25743f0-0 sc-e37c0145-2 hObFds DQgPn\">Matchen mot Tyskland startar klockan 19.00. <\/p>\n","protected":false},"excerpt":{"rendered":"Love H\u00e4renstam har vaktat m\u00e5let i de tv\u00e5 f\u00f6rsta matcherna i Junior-VM. Nu f\u00e5r Herman Liv, son till&hellip;\n","protected":false},"author":2,"featured_media":120043,"comment_status":"","ping_status":"","sticky":false,"template":"","format":"standard","meta":{"footnotes":""},"categories":[68],"tags":[34,111,110,31,33,32,30],"class_list":{"0":"post-120042","1":"post","2":"type-post","3":"status-publish","4":"format-standard","5":"has-post-thumbnail","7":"category-sport","8":"tag-se","9":"tag-sport","10":"tag-sports","11":"tag-svenska","12":"tag-sverige","13":"tag-sweden","14":"tag-swedish"},"share_on_mastodon":{"url":"https:\/\/pubeurope.com\/@se\/115804011415814997","error":""},"_links":{"self":[{"href":"https:\/\/www.europesays.com\/se\/wp-json\/wp\/v2\/posts\/120042","targetHints":{"allow":["GET"]}}],"collection":[{"href":"https:\/\/www.europesays.com\/se\/wp-json\/wp\/v2\/posts"}],"about":[{"href":"https:\/\/www.europesays.com\/se\/wp-json\/wp\/v2\/types\/post"}],"author":[{"embeddable":true,"href":"https:\/\/www.europesays.com\/se\/wp-json\/wp\/v2\/users\/2"}],"replies":[{"embeddable":true,"href":"https:\/\/www.europesays.com\/se\/wp-json\/wp\/v2\/comments?post=120042"}],"version-history":[{"count":0,"href":"https:\/\/www.europesays.com\/se\/wp-json\/wp\/v2\/posts\/120042\/revisions"}],"wp:featuredmedia":[{"embeddable":true,"href":"https:\/\/www.europesays.com\/se\/wp-json\/wp\/v2\/media\/120043"}],"wp:attachment":[{"href":"https:\/\/www.europesays.com\/se\/wp-json\/wp\/v2\/media?parent=120042"}],"wp:term":[{"taxonomy":"category","embeddable":true,"href":"https:\/\/www.europesays.com\/se\/wp-json\/wp\/v2\/categories?post=120042"},{"taxonomy":"post_tag","embeddable":true,"href":"https:\/\/www.europesays.com\/se\/wp-json\/wp\/v2\/tags?post=120042"}],"curies":[{"name":"wp","href":"https:\/\/api.w.org\/{rel}","templated":true}]}}