{"id":120048,"date":"2025-12-29T17:26:16","date_gmt":"2025-12-29T17:26:16","guid":{"rendered":"https:\/\/www.europesays.com\/se\/120048\/"},"modified":"2025-12-29T17:26:16","modified_gmt":"2025-12-29T17:26:16","slug":"nya-kraftiga-vindar-staller-in-fler-farjor","status":"publish","type":"post","link":"https:\/\/www.europesays.com\/se\/120048\/","title":{"rendered":"Nya kraftiga vindar st\u00e4ller in fler f\u00e4rjor"},"content":{"rendered":"<p>Bilden ovan: Destination Gotlands vd H\u00e5kan Johansson ber\u00e4ttar om ytterligare f\u00f6r\u00e4ndringar i turlistan p\u00e5 grund av kraftiga vindar inf\u00f6r ny\u00e5rshelgen. Foto Tommy S\u00f6derlund.<\/p>\n<p>\u00a0<\/p>\n<p><strong>Destination Gotland tvingas st\u00e4lla in ytterligare avg\u00e5ngar d\u00e5 nya vindar med stormstyrka drar in \u00f6ver Gotland inf\u00f6r ny\u00e5rshelgen.<\/strong><\/p>\n<p>Knappt har <a href=\"https:\/\/www.horisontmagasin.se\/2025\/12\/28\/tak-blaste-av-skola-flera-utan-strom\/\" rel=\"nofollow noopener\" target=\"_blank\"><strong>stormen Johannes<\/strong><\/a> bedarrat, f\u00f6rr\u00e4n nya stormvindar drar in \u00f6ver \u00d6stersj\u00f6n och Gotland. Destination Gotland <a href=\"https:\/\/www.horisontmagasin.se\/2025\/12\/26\/stormvindar-i-helgen-farjeturer-stalls-in\/\" rel=\"nofollow noopener\" target=\"_blank\"><strong>st\u00e4llde in tv\u00e5 turer och flyttade en<\/strong><\/a> i julhelgen, och nu beh\u00f6ver nya f\u00f6r\u00e4ndringar i turlistan g\u00f6ras p\u00e5 grund av v\u00e4derl\u00e4get under m\u00e5ndag och tisdag:<\/p>\n<ul>\n<li>Avg\u00e5ngen fr\u00e5n Visby till Nyn\u00e4shamn p\u00e5 tisdag morgon, 30 dec, kl 07:15 st\u00e4lls in. Eller, om man s\u00e5 vill, flyttas snudd p\u00e5 ett helt dygn, till onsdag 31 december kl 06:00, med ber\u00e4knad ankomst till Nyn\u00e4shamn kl 09:15.<\/li>\n<li>Samma f\u00f6r\u00e4ndring g\u00e4ller f\u00f6r turen Nyn\u00e4shamn\u2013Visby tisdag 30 december kl 11:25. Ingen tur p\u00e5 tisdagen, utan i st\u00e4llet en ny avg\u00e5ng p\u00e5 ny\u00e5rsafton, onsdag 31 dec, kl 10:10, med ankomst till Visby kl 13:25.<\/li>\n<li>Visby\u2013Oskarshamn tisdag 30 december kl 07:40 st\u00e4lls in.<\/li>\n<li>Oskarshamn\u2013Visby tisdag 30 december kl 12:05 st\u00e4lls in.<\/li>\n<\/ul>\n<p>\u00a0<\/p>\n<p><strong>I en intervju<\/strong><a href=\"https:\/\/www.sverigesradio.se\/artikel\/flera-installda-farjor-i-nyarstrafiken\" rel=\"nofollow noopener\" target=\"_blank\"> med P4 Gotland<\/a> f\u00f6rklarar Destination Gotlands vd H\u00e5kan Johansson att alla med biljetter p\u00e5 de p\u00e5verkade avg\u00e5ngarna till och fr\u00e5n Nyn\u00e4shamn p\u00e5 tisdagen, automatiskt ombokas till de nya avg\u00e5ngarna p\u00e5 onsdagen, och att de med biljett p\u00e5 morgonturen till Oskarshamn i morgon tisdag automatiskt ombokas till tisdagen eftermiddagstur kl 16:50 (ankomst Oskarshamn kl 20:00).<\/p>\n<p>P\u00e5 sin hemsida flaggar Destination Gotland f\u00f6r h\u00f6g belastning p\u00e5 s\u00e5v\u00e4l hemsida som kundtj\u00e4nst.<\/p>\n<p>\u00a0<\/p>\n<p><strong>Enligt SMHI:s prognos f\u00f6r ny\u00e5rsveckan<\/strong> v\u00e4ntas under m\u00e5ndag-tisdag 29-30 december vindar p\u00e5 13-15 meter i sekunden, men uppemot 25-27 sekundmeter i byarna \u2013 allts\u00e5 stormstyrka, \u00e4n en g\u00e5ng.<\/p>\n<p>P\u00e5 ny\u00e5rsafton avtar vinden n\u00e5got, till cirka fem meter i sekunden, men med byvindar p\u00e5 18 sekundmeter.<\/p>\n<p>Dessutom sjunker temperaturerna till under nollan, vilket v\u00e4ntas h\u00e5lla i sig cirka en vecka in i januari, f\u00f6rutom m\u00f6jligen n\u00e5gon enstaka plusgrad p\u00e5 fredag.<\/p>\n<p>                                        Annons<br \/>\n                                        <a href=\"https:\/\/www.kraenku.se\" target=\"_blank\" data-tracking-id=\"left4\" rel=\"nofollow noopener\"><img decoding=\"async\" src=\"https:\/\/usercontent.one\/wp\/www.horisontmagasin.se\/wp-content\/uploads\/2024\/11\/Kranku-840-x-200.png?media=1766356387\" alt=\"Annons\" class=\"img-fluid mx-auto d-block lazyload\" bad-src=\"data:image\/svg+xml;base64,PHN2ZyB3aWR0aD0iMSIgaGVpZ2h0PSIxIiB4bWxucz0iaHR0cDovL3d3dy53My5vcmcvMjAwMC9zdmciPjwvc3ZnPg==\"\/><\/a>                                    <\/p>\n<p>Fr\u00e5n ny\u00e5rsafton och en vecka fram\u00e5t v\u00e4ntas ocks\u00e5 en del nederb\u00f6rd i form av sn\u00f6.<\/p>\n<p>\u00a0<\/p>\n<p>\u2014 \u2014 \u2014<\/p>\n<p><a style=\"color: #008000\" href=\"https:\/\/www.horisontmagasin.se\/2025\/12\/29\/nya-kraftiga-vindar-staller-in-fler-farjor\/mailto:redaktion@hpress.se\" rel=\"nofollow noopener\" target=\"_blank\"><strong>VEM ELLER VAD<\/strong><\/a> vill du l\u00e4sa mer om? Har du tips p\u00e5 sp\u00e4nnande m\u00e4nniskor eller h\u00e4ndelser som vi b\u00f6r gr\u00e4va i? Mejla Horisonts redaktion p\u00e5 <a style=\"color: #008000\" href=\"https:\/\/www.horisontmagasin.se\/2025\/12\/29\/nya-kraftiga-vindar-staller-in-fler-farjor\/mailto:redaktion@hpress.se\" rel=\"nofollow noopener\" target=\"_blank\"><strong>redaktion@hpress.se<\/strong><\/a>!<\/p>\n<p>\u2014 \u2014 \u2014<\/p>\n<p><a style=\"color: #008000\" href=\"https:\/\/sub.unseald.com\/checkout\/horisontmagasin_se\" rel=\"nofollow noopener\" target=\"_blank\"><b>PRENUMERERA<\/b><\/a>\u00a0f\u00f6r att f\u00e5 tillg\u00e5ng till Horisont magasin och allt premiummaterial p\u00e5 sajten.<\/p>\n<p>\u2014 \u2014 \u2014<\/p>\n<p><a style=\"color: #008000\" href=\"https:\/\/gansub.com\/s\/yOCsZ0O6J8LckzvxW\/\" rel=\"nofollow noopener\" target=\"_blank\"><b>HORISONTS NYHETSBREV<\/b><\/a>\u00a0skickas ut helt gratis varje vardagsmorgon med en sammanfattning av de senaste Gotlandsnyheterna. Registrera dig via l\u00e4nken.<\/p>\n","protected":false},"excerpt":{"rendered":"Bilden ovan: Destination Gotlands vd H\u00e5kan Johansson ber\u00e4ttar om ytterligare f\u00f6r\u00e4ndringar i turlistan p\u00e5 grund av kraftiga vindar&hellip;\n","protected":false},"author":2,"featured_media":120049,"comment_status":"","ping_status":"","sticky":false,"template":"","format":"standard","meta":{"footnotes":""},"categories":[12],"tags":[22,23,5684,26,27,12791,17,21,12792,24,25,28,29,15,16,12793,2141,18,34,10532,31,33,32,30,19,20,12794,11354],"class_list":{"0":"post-120048","1":"post","2":"type-post","3":"status-publish","4":"format-standard","5":"has-post-thumbnail","7":"category-sverige","8":"tag-breaking-news","9":"tag-breakingnews","10":"tag-destination-gotland","11":"tag-featured-news","12":"tag-featurednews","13":"tag-hakan-johansson","14":"tag-headlines","15":"tag-huvudnyheter","16":"tag-installda-avgangar","17":"tag-latest-news","18":"tag-latestnews","19":"tag-main-news","20":"tag-mainnews","21":"tag-news","22":"tag-nyheter","23":"tag-nynashamn","24":"tag-oskarshamn","25":"tag-rubriker","26":"tag-se","27":"tag-storm","28":"tag-svenska","29":"tag-sverige","30":"tag-sweden","31":"tag-swedish","32":"tag-top-stories","33":"tag-topstories","34":"tag-vind","35":"tag-visby"},"share_on_mastodon":{"url":"https:\/\/pubeurope.com\/@se\/115804031282030475","error":""},"_links":{"self":[{"href":"https:\/\/www.europesays.com\/se\/wp-json\/wp\/v2\/posts\/120048","targetHints":{"allow":["GET"]}}],"collection":[{"href":"https:\/\/www.europesays.com\/se\/wp-json\/wp\/v2\/posts"}],"about":[{"href":"https:\/\/www.europesays.com\/se\/wp-json\/wp\/v2\/types\/post"}],"author":[{"embeddable":true,"href":"https:\/\/www.europesays.com\/se\/wp-json\/wp\/v2\/users\/2"}],"replies":[{"embeddable":true,"href":"https:\/\/www.europesays.com\/se\/wp-json\/wp\/v2\/comments?post=120048"}],"version-history":[{"count":0,"href":"https:\/\/www.europesays.com\/se\/wp-json\/wp\/v2\/posts\/120048\/revisions"}],"wp:featuredmedia":[{"embeddable":true,"href":"https:\/\/www.europesays.com\/se\/wp-json\/wp\/v2\/media\/120049"}],"wp:attachment":[{"href":"https:\/\/www.europesays.com\/se\/wp-json\/wp\/v2\/media?parent=120048"}],"wp:term":[{"taxonomy":"category","embeddable":true,"href":"https:\/\/www.europesays.com\/se\/wp-json\/wp\/v2\/categories?post=120048"},{"taxonomy":"post_tag","embeddable":true,"href":"https:\/\/www.europesays.com\/se\/wp-json\/wp\/v2\/tags?post=120048"}],"curies":[{"name":"wp","href":"https:\/\/api.w.org\/{rel}","templated":true}]}}