{"id":120050,"date":"2025-12-29T17:27:23","date_gmt":"2025-12-29T17:27:23","guid":{"rendered":"https:\/\/www.europesays.com\/se\/120050\/"},"modified":"2025-12-29T17:27:23","modified_gmt":"2025-12-29T17:27:23","slug":"tobbe-ek-om-kritiken-mot-gina-dirawi-i-melodifestivalen","status":"publish","type":"post","link":"https:\/\/www.europesays.com\/se\/120050\/","title":{"rendered":"Tobbe Ek om kritiken mot Gina Dirawi i Melodifestivalen"},"content":{"rendered":"<p>Ov\u00e4ntat? Knappast! Gina Dirawis inl\u00e4gg om Mello var julhelgens mest v\u00e4ntade efter Kalle Ankashare-arrowDela<\/p>\n<p>unsaveSpara<\/p>\n<p class=\"hyperion-css-1shl3oz\" data-test-tag=\"lead-text\">SVT vet precis vad det inneb\u00e4r att ge Gina Dirawi uppdraget att leda Melodifestivalen. <\/p>\n<p class=\"hyperion-css-1shl3oz\" data-test-tag=\"lead-text\">F\u00f6r den enda andra f\u00f6rklaringen \u00e4r att samtliga inblandade i tv-huset p\u00e5 G\u00e4rdet \u00e4r fullst\u00e4ndigt dumma i huvudet. <\/p>\n<p class=\"hyperion-css-1shl3oz\" data-test-tag=\"lead-text\">Och s\u00e5 kan det v\u00e4l inte vara?<\/p>\n<p><img decoding=\"async\" src=\"https:\/\/www.europesays.com\/se\/wp-content\/uploads\/2025\/09\/1758090760_215_7adef35543ee0b64cf5d9d8c7ab8ee19.jpg\" class=\"thumbnail-image_fbfd\" alt=\"\u00c4r det h\u00e4r slutet f\u00f6r Eurovision?\"\/><\/p>\n<p>\u00c4r det h\u00e4r slutet f\u00f6r Eurovision?<\/p>\n<p>14:25<\/p>\n<p class=\"hyperion-css-1v9qo5x\">H\u00e4nger ni inte med? Vi tar en snabbrepris:<\/p>\n<ul class=\"hyperion-css-e9gx76\" data-test-tag=\"list\">\n<li class=\"hyperion-css-1d843yr\"><strong>19 december:<\/strong> <a data-test-tag=\"internal-link\" href=\"https:\/\/www.aftonbladet.se\/nojesbladet\/a\/vrQQvm\/gina-dirawi-hampus-nessvold-leder-mello-2026\" class=\"hyperion-css-15jkft9\" rel=\"nofollow noopener\" target=\"\" aria-label=\"SVT bekr\u00e4ftar\" theme=\"entertainment\">SVT bekr\u00e4ftar<\/a> slutligen <a data-test-tag=\"internal-link\" href=\"https:\/\/www.aftonbladet.se\/nojesbladet\/a\/jQoK5o\/melodifestivalen-2026-programledare-gina-dirawi-hampus-nessvold\" class=\"hyperion-css-15jkft9\" rel=\"nofollow noopener\" target=\"\" aria-label=\"Aftonbladets avsl\u00f6jande\" theme=\"entertainment\">Aftonbladets avsl\u00f6jande<\/a> fr\u00e5n september om att <strong>Gina Dirawi<\/strong> ska leda Melodifestivalen 2026 tillsammans med <strong>Hampus Nessvold<\/strong>.<\/li>\n<li class=\"hyperion-css-1d843yr\"><strong>20 december till 25 december:<\/strong> Gina Dirawi, vars f\u00f6r\u00e4ldrar \u00e4r palestinier, hamnar i en n\u00e4st intill perfekt storm, d\u00e4r hon angrips och s\u00e5gas fr\u00e5n b\u00e5de h\u00f6ger och v\u00e4nster. V\u00e4nstertroll \u00e4r arga \u00f6ver att hon \u201dsviker sina ideal\u201d och h\u00f6gersp\u00f6ken gormar \u00f6ver att det \u00e4r ol\u00e4mpligt att hon, som tydligt tagit st\u00e4llning i kriget i Gaza, f\u00e5r leda Sveriges st\u00f6rsta underh\u00e5llningsprogram.<\/li>\n<li class=\"hyperion-css-1d843yr\"><strong>26 december:<\/strong> Gina <a data-test-tag=\"internal-link\" href=\"https:\/\/www.aftonbladet.se\/nojesbladet\/melodifestivalen\/a\/wrPxa4\/dirawi-forsvarar-beslut-att-leda-melodifestivalen\" class=\"hyperion-css-15jkft9\" rel=\"nofollow noopener\" target=\"\" aria-label=\"svarar p\u00e5 kritiken\" theme=\"entertainment\">svarar p\u00e5 kritiken<\/a> i sociala medier och f\u00f6rklarar att hon tackat ja f\u00f6r att hon tycker att det \u00e4r viktigt med representation. Hon p\u00e5talar att det \u00e4r just Mello hon ska leda och inte Europafinalen och det framg\u00e5r ocks\u00e5 tydligt att hon inte tycker att SVT och EBU fattat r\u00e4tt beslut n\u00e4r det g\u00e4ller att Israel till\u00e5ts medverka i Eurovision.<\/li>\n<li class=\"hyperion-css-1d843yr\"><strong>27 december:<\/strong> Eurovision-vinnaren och f\u00f6re detta moderata politikern <strong>Richard Herrey<\/strong>,<strong> <\/strong>bland andra politiker p\u00e5 h\u00f6gersidan, <a data-test-tag=\"internal-link\" href=\"https:\/\/www.aftonbladet.se\/nojesbladet\/melodifestivalen\/a\/M7RanR\/gina-dirawi-kritiseras-efter-uttlande-om-melodifestivalen-och-palestinier\" class=\"hyperion-css-15jkft9\" rel=\"nofollow noopener\" target=\"\" aria-label=\"rasar\" theme=\"entertainment\">rasar<\/a> och h\u00e4vdar att Ginas inl\u00e4gg \u00e4r en \u201dstark politisk markering\u201d. Mello-bossen <strong>Anders Wistbacka<\/strong> s\u00e4ger att han f\u00f6rv\u00e4ntar sig att Gina \u201dinte g\u00f6r fler uttalanden av den h\u00e4r sorten\u201d.<\/li>\n<\/ul>\n<p class=\"hyperion-css-1v9qo5x\">S\u00e5. <\/p>\n<p class=\"hyperion-css-1v9qo5x\">H\u00e4r st\u00e5r vi nu.<\/p>\n<p class=\"hyperion-css-1v9qo5x\">Det \u00e4r sj\u00e4lvklart att valet av <a data-test-tag=\"internal-link\" href=\"https:\/\/www.aftonbladet.se\/tagg\/gina-dirawi\" class=\"hyperion-css-15jkft9\" rel=\"nofollow noopener\" target=\"\" aria-label=\"Gina Dirawi\" theme=\"entertainment\">Gina Dirawi<\/a> som programledare i Mello skulle uppfattas som kontroversiellt i vissa kretsar.<\/p>\n<p class=\"hyperion-css-1v9qo5x\">Det visste SVT n\u00e4r de gav henne uppdraget. Det m\u00e5ste de ha vetat. Annars \u00e4r hela tv-huset kollektivt dumma i huvudet.<\/p>\n<blockquote data-test-tag=\"blockquote\" class=\"blockquote-content_747c\"><p>pullquoteInl\u00e4gget \u2013 det allra smartaste hon kunde g\u00f6ra<\/p><\/blockquote>\n<p class=\"hyperion-css-1v9qo5x\">Gina \u00e4r en hyllad och omtyckt programledare, en sensation som lett hela 17 s\u00e4ndningar av <a data-test-tag=\"internal-link\" href=\"https:\/\/www.aftonbladet.se\/tagg\/melodifestivalen\" class=\"hyperion-css-15jkft9\" rel=\"nofollow noopener\" target=\"\" aria-label=\"Melodifestivalen\" theme=\"entertainment\">Melodifestivalen<\/a> tidigare (Fem stycken 2012,  sex 2013, sex 2016). Men hon har ocks\u00e5 varit v\u00e4ldigt tydlig med sina \u00e5sikter n\u00e4r det g\u00e4ller kriget i Gaza.<\/p>\n<p class=\"hyperion-css-1v9qo5x\">Att hon nu svarat p\u00e5 kritiken och f\u00f6rklarat hur hon t\u00e4nker i sociala medier, \u00e4r ocks\u00e5 precis allt annat \u00e4n det \u201dov\u00e4ntat\u201d som Mello-bossen Wistbacka fick ur sig som kommentar. Det var snarare kanske julhelgens mest v\u00e4ntade efter Kalle Anka och Karl-Bertil Jonsson. <\/p>\n<p class=\"hyperion-css-1v9qo5x\">Och ocks\u00e5 det allra smartaste som Gina Dirawi kunde g\u00f6ra.<\/p>\n<p>expand-left<\/p>\n<p>helsk\u00e4rm<img decoding=\"async\" class=\"image-asset hyperion-css-u06ts1\" data-test-tag=\"image-asset\" src=\"https:\/\/www.europesays.com\/se\/wp-content\/uploads\/2025\/12\/34cafb66-716f-4467-a50e-3e572596690a.jpeg\"  alt=\"Gina Dirawi leder Melodifestivalen n\u00e4sta \u00e5r. \"  loading=\"eager\" fetchpriority=\"high\" style=\"aspect-ratio:1900 \/ 1267\"\/>Gina Dirawi leder Melodifestivalen n\u00e4sta \u00e5r. Foto: Viktoria Bank \/ TT<\/p>\n<p class=\"hyperion-css-1v9qo5x\">F\u00f6r inte ens SVT \u00e4r v\u00e4l s\u00e5 insn\u00f6ade i sig sj\u00e4lva att de trodde att Gina skulle stoppa huvudet i en sn\u00f6driva och l\u00e5tsas om som att hennes v\u00e4rld just nu inte fyllts av, i b\u00e4sta fall kritik, men i m\u00e5nga fall snarare hat och hot, fr\u00e5n precis alla h\u00e5ll?<\/p>\n<p class=\"hyperion-css-1v9qo5x\">Nu har hon sagt sitt. <\/p>\n<p class=\"hyperion-css-1v9qo5x\">Nu kan hon ocks\u00e5 h\u00e4nvisa till det vid alla kommande presskonferenser och intervjuer under Melloperioden. J\u00e4tteenkelt.<\/p>\n<blockquote data-test-tag=\"blockquote\" class=\"blockquote-content_747c\"><p>pullquoteDet som tycks provocera \u00e4r att Gina Dirawi \u00e4r just palestinier<\/p><\/blockquote>\n<p class=\"hyperion-css-1v9qo5x\">Men sen att h\u00e4vda att Ginas inl\u00e4gg skulle vara \u201dpolitiskt\u201d&#8230;<\/p>\n<p class=\"hyperion-css-1v9qo5x\">Om Gina Dirawi i st\u00e4llet hade varit lesbisk, transperson, svart, mormon eller judinna och sagt att hon tackat ja till Mello just f\u00f6r att representationen \u00e4r viktig, att som minoritet synas \u2013 skulle Diggiley-Herrey d\u00e5 ocks\u00e5 tycka att det var ett ol\u00e4mpligt politiskt st\u00e4llningstagande?<\/p>\n<p class=\"hyperion-css-1v9qo5x\">Knappast.<\/p>\n<p>expand-left<\/p>\n<p>helsk\u00e4rm<img decoding=\"async\" class=\"image-asset hyperion-css-u06ts1\" data-test-tag=\"image-asset\" src=\"https:\/\/www.europesays.com\/se\/wp-content\/uploads\/2025\/12\/138768dd-75b2-4a6b-b1c8-584c17286938.jpeg\"  alt=\"Gina Dirawi med Christer Bj\u00f6rkman under Melodifestivalen 2016. \"  loading=\"eager\" fetchpriority=\"high\" style=\"aspect-ratio:1900 \/ 1265\"\/>Gina Dirawi med Christer Bj\u00f6rkman under Melodifestivalen 2016. Foto: Marcus Ericsson\/TT<\/p>\n<p class=\"hyperion-css-1v9qo5x\">Det som tycks provocera honom och andra kritiker \u00e4r att Gina Dirawi \u00e4r just palestinier.<\/p>\n<p class=\"hyperion-css-1v9qo5x\">Och d\u00e5 kan Gina st\u00e4lla sig i rutan i sex veckors tid och s\u00e4ga precis ingenting. De som \u00e4r kritiska nu kommer \u00e4nd\u00e5 att bli provocerade. Av bara det faktum att hon \u00e4r d\u00e4r.<\/p>\n<p class=\"hyperion-css-1v9qo5x\">Det vet <a data-test-tag=\"internal-link\" href=\"https:\/\/www.aftonbladet.se\/tagg\/richard-herrey\" class=\"hyperion-css-15jkft9\" rel=\"nofollow noopener\" target=\"\" aria-label=\"Richard Herrey\" theme=\"entertainment\">Richard Herrey<\/a>.<\/p>\n<p class=\"hyperion-css-1v9qo5x\">Och \u00e4nd\u00e5 tar han chansen att f\u00f6rs\u00f6ka dra billiga politiska po\u00e4nger \u2013 f\u00f6r det \u00e4r vad politiker g\u00e4rna g\u00f6r.<\/p>\n<p class=\"hyperion-css-1v9qo5x\">Det vet SVT.<\/p>\n<p class=\"hyperion-css-1v9qo5x\">Och \u00e4nd\u00e5 erbj\u00f6d de henne uppdraget \u2013 f\u00f6r att hon \u00e4r en av Sveriges b\u00e4sta i den rollen.<\/p>\n<p class=\"hyperion-css-1v9qo5x\">Det vet Gina Dirawi.<\/p>\n<p class=\"hyperion-css-1v9qo5x\">Och d\u00e4rf\u00f6r tackade hon ja.<\/p>\n<p>expand-left<\/p>\n<p>helsk\u00e4rm<img decoding=\"async\" class=\"image-asset hyperion-css-u06ts1\" data-test-tag=\"image-asset\" src=\"https:\/\/www.europesays.com\/se\/wp-content\/uploads\/2025\/12\/67ee175d-a74e-457b-b7c8-2e446b0d3a14.jpeg\"  alt=\"Gina Dirawi och Hampus Nessvold leder Melodifestivalen 2026. \"  loading=\"eager\" fetchpriority=\"high\" style=\"aspect-ratio:1900 \/ 1267\"\/>Gina Dirawi och Hampus Nessvold leder Melodifestivalen 2026. Foto: SVT<\/p>\n<p class=\"hyperion-css-1v9qo5x\">Nu kan hon dessutom slappna av lite i februari, och vid varje fr\u00e5ga svara: \u201dJag har sagt vad jag har sagt, jag har inget mer att till\u00e4gga\u201d. <\/p>\n<p class=\"hyperion-css-1v9qo5x\">Kanske ocks\u00e5 med till\u00e4gget:<\/p>\n<p class=\"hyperion-css-1v9qo5x\">NU K\u00d6R VI!<\/p>\n","protected":false},"excerpt":{"rendered":"Ov\u00e4ntat? Knappast! Gina Dirawis inl\u00e4gg om Mello var julhelgens mest v\u00e4ntade efter Kalle Ankashare-arrowDela unsaveSpara SVT vet precis&hellip;\n","protected":false},"author":2,"featured_media":120051,"comment_status":"","ping_status":"","sticky":false,"template":"","format":"standard","meta":{"footnotes":""},"categories":[5],"tags":[22,23,26,27,17,21,24,25,28,29,15,16,18,34,31,33,32,30,19,20],"class_list":{"0":"post-120050","1":"post","2":"type-post","3":"status-publish","4":"format-standard","5":"has-post-thumbnail","7":"category-rubriker","8":"tag-breaking-news","9":"tag-breakingnews","10":"tag-featured-news","11":"tag-featurednews","12":"tag-headlines","13":"tag-huvudnyheter","14":"tag-latest-news","15":"tag-latestnews","16":"tag-main-news","17":"tag-mainnews","18":"tag-news","19":"tag-nyheter","20":"tag-rubriker","21":"tag-se","22":"tag-svenska","23":"tag-sverige","24":"tag-sweden","25":"tag-swedish","26":"tag-top-stories","27":"tag-topstories"},"share_on_mastodon":{"url":"https:\/\/pubeurope.com\/@se\/115804035051809906","error":""},"_links":{"self":[{"href":"https:\/\/www.europesays.com\/se\/wp-json\/wp\/v2\/posts\/120050","targetHints":{"allow":["GET"]}}],"collection":[{"href":"https:\/\/www.europesays.com\/se\/wp-json\/wp\/v2\/posts"}],"about":[{"href":"https:\/\/www.europesays.com\/se\/wp-json\/wp\/v2\/types\/post"}],"author":[{"embeddable":true,"href":"https:\/\/www.europesays.com\/se\/wp-json\/wp\/v2\/users\/2"}],"replies":[{"embeddable":true,"href":"https:\/\/www.europesays.com\/se\/wp-json\/wp\/v2\/comments?post=120050"}],"version-history":[{"count":0,"href":"https:\/\/www.europesays.com\/se\/wp-json\/wp\/v2\/posts\/120050\/revisions"}],"wp:featuredmedia":[{"embeddable":true,"href":"https:\/\/www.europesays.com\/se\/wp-json\/wp\/v2\/media\/120051"}],"wp:attachment":[{"href":"https:\/\/www.europesays.com\/se\/wp-json\/wp\/v2\/media?parent=120050"}],"wp:term":[{"taxonomy":"category","embeddable":true,"href":"https:\/\/www.europesays.com\/se\/wp-json\/wp\/v2\/categories?post=120050"},{"taxonomy":"post_tag","embeddable":true,"href":"https:\/\/www.europesays.com\/se\/wp-json\/wp\/v2\/tags?post=120050"}],"curies":[{"name":"wp","href":"https:\/\/api.w.org\/{rel}","templated":true}]}}