{"id":120054,"date":"2025-12-29T17:30:38","date_gmt":"2025-12-29T17:30:38","guid":{"rendered":"https:\/\/www.europesays.com\/se\/120054\/"},"modified":"2025-12-29T17:30:38","modified_gmt":"2025-12-29T17:30:38","slug":"insandare-besviken-vikarie-jag-ar-timvikarie-i-hemtjansten-men-jag-har-trottnat","status":"publish","type":"post","link":"https:\/\/www.europesays.com\/se\/120054\/","title":{"rendered":"Ins\u00e4ndare: Besviken vikarie: \u201dJag \u00e4r timvikarie i hemtj\u00e4nsten men jag har tr\u00f6ttnat\u201d"},"content":{"rendered":"<p class=\"mb-4 mx-auto max-w-xl\"><strong>Sn\u00e4lla bemanningscentral i Kristinehamns kommun. Jag \u00e4r timvikarie i hemtj\u00e4nsten men jag har tr\u00f6ttnat.<\/strong><\/p>\n<p class=\"mb-4 mx-auto max-w-xl\"><strong>Sju g\u00e5nger av tio blir det inget jobb n\u00e4r jag ligger tillg\u00e4nglig. De andra g\u00e5ngerna kommer det ett SMS. \u201dDu \u00e4r bokad&#8230;.7-16, v\u00e4lkommen.\u201d<\/strong><\/p>\n<p class=\"break-words mb-4 mx-auto max-w-xl\">Smset kan komma 6.30, men det kan \u00e4ven komma 6.50. D\u00e5 f\u00f6rv\u00e4ntas jag b\u00f6rja 07 och vara ute p\u00e5 f\u00f6rsta jobbet 07.20. F\u00f6r. Det vore v\u00e4l dumt att ta bort f\u00f6rsta jobbet och l\u00e4gga det p\u00e5 n\u00e5gon annan s\u00e5 man slipper ligga efter hela dagen.<\/p>\n<p class=\"break-words mb-4 mx-auto max-w-xl\">Vad f\u00f6rv\u00e4ntas av oss egentligen?<\/p>\n<p class=\"break-words mb-4 mx-auto max-w-xl\">N\u00e4r det sju g\u00e5nger av tio inte dyker upp n\u00e5got jobb &#8211; inte g\u00e5r man upp 06 och g\u00f6r i ordning sig f\u00f6r s\u00e4kerhets skull. Man g\u00e5r upp n\u00e4r smset kommer.<\/p>\n<p class=\"break-words mb-4 mx-auto max-w-xl\">Men det \u00e4r en stress att bara f\u00e5 ett boknings-sms. Det var mycket b\u00e4ttre n\u00e4r det kom en f\u00f6rfr\u00e5gan. Ibland ligger jag inte tillg\u00e4nglig med flit f\u00f6r att jag inte bara vill f\u00e5 ett boknings-sms och b\u00f6rja jobba efter 20 minuter. Men skulle det d\u00e5 komma f\u00f6rfr\u00e5gan om jobb kanske man kommer p\u00e5 att man faktiskt kan jobba plus att bemanningen f\u00e5r bekr\u00e4ftelse att man sett smset och kan jobba.<\/p>\n<p class=\"break-words mb-4 mx-auto max-w-xl\">T\u00e4nk om t\u00e4nk r\u00e4tt.<\/p>\n<p class=\"break-words mb-4 mx-auto max-w-xl\"><strong>Besviken vikarie<\/strong><\/p>\n","protected":false},"excerpt":{"rendered":"Sn\u00e4lla bemanningscentral i Kristinehamns kommun. Jag \u00e4r timvikarie i hemtj\u00e4nsten men jag har tr\u00f6ttnat. Sju g\u00e5nger av tio&hellip;\n","protected":false},"author":2,"featured_media":120055,"comment_status":"","ping_status":"","sticky":false,"template":"","format":"standard","meta":{"footnotes":""},"categories":[67],"tags":[104,34,31,33,32,30,105],"class_list":{"0":"post-120054","1":"post","2":"type-post","3":"status-publish","4":"format-standard","5":"has-post-thumbnail","7":"category-underhallning","8":"tag-entertainment","9":"tag-se","10":"tag-svenska","11":"tag-sverige","12":"tag-sweden","13":"tag-swedish","14":"tag-underhallning"},"share_on_mastodon":{"url":"https:\/\/pubeurope.com\/@se\/115804046884422361","error":""},"_links":{"self":[{"href":"https:\/\/www.europesays.com\/se\/wp-json\/wp\/v2\/posts\/120054","targetHints":{"allow":["GET"]}}],"collection":[{"href":"https:\/\/www.europesays.com\/se\/wp-json\/wp\/v2\/posts"}],"about":[{"href":"https:\/\/www.europesays.com\/se\/wp-json\/wp\/v2\/types\/post"}],"author":[{"embeddable":true,"href":"https:\/\/www.europesays.com\/se\/wp-json\/wp\/v2\/users\/2"}],"replies":[{"embeddable":true,"href":"https:\/\/www.europesays.com\/se\/wp-json\/wp\/v2\/comments?post=120054"}],"version-history":[{"count":0,"href":"https:\/\/www.europesays.com\/se\/wp-json\/wp\/v2\/posts\/120054\/revisions"}],"wp:featuredmedia":[{"embeddable":true,"href":"https:\/\/www.europesays.com\/se\/wp-json\/wp\/v2\/media\/120055"}],"wp:attachment":[{"href":"https:\/\/www.europesays.com\/se\/wp-json\/wp\/v2\/media?parent=120054"}],"wp:term":[{"taxonomy":"category","embeddable":true,"href":"https:\/\/www.europesays.com\/se\/wp-json\/wp\/v2\/categories?post=120054"},{"taxonomy":"post_tag","embeddable":true,"href":"https:\/\/www.europesays.com\/se\/wp-json\/wp\/v2\/tags?post=120054"}],"curies":[{"name":"wp","href":"https:\/\/api.w.org\/{rel}","templated":true}]}}