{"id":120062,"date":"2025-12-29T17:35:44","date_gmt":"2025-12-29T17:35:44","guid":{"rendered":"https:\/\/www.europesays.com\/se\/120062\/"},"modified":"2025-12-29T17:35:44","modified_gmt":"2025-12-29T17:35:44","slug":"swedavia-erbjuder-gratis-parkering-for-hundar-pa-nyarsafton","status":"publish","type":"post","link":"https:\/\/www.europesays.com\/se\/120062\/","title":{"rendered":"Swedavia erbjuder gratis parkering f\u00f6r hundar p\u00e5 ny\u00e5rsafton"},"content":{"rendered":"<p>2025-12-29, kl. 00:01<\/p>\n<p>Under ny\u00e5rsnatten erbjuder\u00a0G\u00f6teborg Landvetter Airport\u00a0gratis parkering,\u00a0f\u00f6r att fyrverkerir\u00e4dda hundar ska f\u00e5 m\u00f6jlighet att fira ett lugnt ny\u00e5r utan ljudet av sm\u00e4llare och raketer.<\/p>\n<p>        <img loading=\"lazy\" decoding=\"async\" src=\"https:\/\/www.europesays.com\/se\/wp-content\/uploads\/2025\/12\/GettyImages-2183257891.jpg\" alt=\"Hund i vinterlandskap\" class=\"img-responsive  \" height=\"400\" width=\"800\"\/><\/p>\n<p>\u00c5rets alla dagar finns Swedavias tio flygplatser f\u00f6r dem som vill ut och uppt\u00e4cka v\u00e4rlden \u2212 men det finns en dag d\u00e5 vissa bara vill krypa s\u00e5 l\u00e5ngt in under s\u00e4ngen som m\u00f6jligt. Vi pratar f\u00f6rst\u00e5s om v\u00e5ra fyrbenta v\u00e4nner som blir skr\u00e4mda under ny\u00e5rsnatten och beh\u00f6ver komma bort till en plats d\u00e4r inga fyrverkerier \u00e4r till\u00e5tna.<\/p>\n<p>D\u00e4rf\u00f6r \u00f6ppnar G\u00f6tborg Landvetter Airport upp sin l\u00e5ngtidsparkering f\u00f6r kostnadsfri parkering f\u00f6r hund\u00e4gare fr\u00e5n klockan 20 p\u00e5 ny\u00e5rsafton, 31 december, fram till klockan 01 p\u00e5 ny\u00e5rsdagen, 1 januari.\u00a0<\/p>\n<p>Redan f\u00f6r n\u00e5gra \u00e5r sedan uppm\u00e4rksammande vi att det cirkulerade mycket bilar med oroliga hund\u00e4gare och deras djur p\u00e5 och runt flygplatsen under ny\u00e5rskv\u00e4llen. D\u00e5 f\u00f6ddes id\u00e9n att \u00f6ppna en av v\u00e5ra parkeringar under n\u00e5gra timmar p\u00e5 ny\u00e5rskv\u00e4llen. Detta blir tredje \u00e5ret vi genomf\u00f6r detta mycket uppskattade initiativ, s\u00e4ger <strong>Karl Eklund<\/strong>, flygplatschef p\u00e5 Swedavia Stockholm Arlanda Airport.<\/p>\n<p><strong>Gott nytt \u00e5r \u00f6nskar Swedavia Airports.<\/strong><\/p>\n<p><strong>H\u00e4r \u00e4r det gratis att parkera p\u00e5 ny\u00e5rsnatten mellan klockan 20.00 och 01.00:<\/strong><\/p>\n<p>L\u00e5ngtidsparkering P7 p\u00e5 G\u00f6teborg Landvetter Airport<\/p>\n","protected":false},"excerpt":{"rendered":"2025-12-29, kl. 00:01 Under ny\u00e5rsnatten erbjuder\u00a0G\u00f6teborg Landvetter Airport\u00a0gratis parkering,\u00a0f\u00f6r att fyrverkerir\u00e4dda hundar ska f\u00e5 m\u00f6jlighet att fira ett&hellip;\n","protected":false},"author":2,"featured_media":120063,"comment_status":"","ping_status":"","sticky":false,"template":"","format":"standard","meta":{"footnotes":""},"categories":[5],"tags":[22,23,26,27,17,21,24,25,28,29,15,16,18,34,31,33,32,30,19,20],"class_list":{"0":"post-120062","1":"post","2":"type-post","3":"status-publish","4":"format-standard","5":"has-post-thumbnail","7":"category-rubriker","8":"tag-breaking-news","9":"tag-breakingnews","10":"tag-featured-news","11":"tag-featurednews","12":"tag-headlines","13":"tag-huvudnyheter","14":"tag-latest-news","15":"tag-latestnews","16":"tag-main-news","17":"tag-mainnews","18":"tag-news","19":"tag-nyheter","20":"tag-rubriker","21":"tag-se","22":"tag-svenska","23":"tag-sverige","24":"tag-sweden","25":"tag-swedish","26":"tag-top-stories","27":"tag-topstories"},"share_on_mastodon":{"url":"https:\/\/pubeurope.com\/@se\/115804066480161257","error":""},"_links":{"self":[{"href":"https:\/\/www.europesays.com\/se\/wp-json\/wp\/v2\/posts\/120062","targetHints":{"allow":["GET"]}}],"collection":[{"href":"https:\/\/www.europesays.com\/se\/wp-json\/wp\/v2\/posts"}],"about":[{"href":"https:\/\/www.europesays.com\/se\/wp-json\/wp\/v2\/types\/post"}],"author":[{"embeddable":true,"href":"https:\/\/www.europesays.com\/se\/wp-json\/wp\/v2\/users\/2"}],"replies":[{"embeddable":true,"href":"https:\/\/www.europesays.com\/se\/wp-json\/wp\/v2\/comments?post=120062"}],"version-history":[{"count":0,"href":"https:\/\/www.europesays.com\/se\/wp-json\/wp\/v2\/posts\/120062\/revisions"}],"wp:featuredmedia":[{"embeddable":true,"href":"https:\/\/www.europesays.com\/se\/wp-json\/wp\/v2\/media\/120063"}],"wp:attachment":[{"href":"https:\/\/www.europesays.com\/se\/wp-json\/wp\/v2\/media?parent=120062"}],"wp:term":[{"taxonomy":"category","embeddable":true,"href":"https:\/\/www.europesays.com\/se\/wp-json\/wp\/v2\/categories?post=120062"},{"taxonomy":"post_tag","embeddable":true,"href":"https:\/\/www.europesays.com\/se\/wp-json\/wp\/v2\/tags?post=120062"}],"curies":[{"name":"wp","href":"https:\/\/api.w.org\/{rel}","templated":true}]}}