{"id":120066,"date":"2025-12-29T17:38:07","date_gmt":"2025-12-29T17:38:07","guid":{"rendered":"https:\/\/www.europesays.com\/se\/120066\/"},"modified":"2025-12-29T17:38:07","modified_gmt":"2025-12-29T17:38:07","slug":"dottern-molly-dod-ett-ar-efter-abigail","status":"publish","type":"post","link":"https:\/\/www.europesays.com\/se\/120066\/","title":{"rendered":"Dottern Molly d\u00f6d \u2013 ett \u00e5r efter Abigail"},"content":{"rendered":"<p>Publicerad 29 dec 2025 kl 18.25<\/p>\n<p>Influencern Melissa Mae Carlton f\u00f6rlorade sin dotter Abigail pl\u00f6tsligt f\u00f6rra \u00e5ret.<\/p>\n<p>Nyligen kom n\u00e4sta tragedi.<\/p>\n<p>\u00c4ven yngsta dottern Molly har g\u00e5tt bort.<\/p>\n<p><img   alt=\"\"\/><\/p>\n<p>P\u00e5 Instagram delar Melissa Mae Carlton familjens tragedi.<\/p>\n<p>Foto: Instagram<\/p>\n<p>\u00d6ppna bild i helsk\u00e4rm<img loading=\"lazy\"   alt=\"\"\/><\/p>\n<p>P\u00e5 sitt konto delar influencern med sig av sitt vardagsliv.<\/p>\n<p>Foto: Instagram<\/p>\n<p>\u00d6ppna bild i helsk\u00e4rm<img loading=\"lazy\"   alt=\"\"\/><\/p>\n<p>Familjen Carlton.<\/p>\n<p>Foto: Instagram<\/p>\n<p>\u00d6ppna bild i helsk\u00e4rm<\/p>\n<p>Den brittiska influencern och fyrabarnsmamman Melissa Mae Carlton och hennes familj drabbades av en fruktansv\u00e4rd tragedi f\u00f6rra \u00e5ret.<\/p>\n<p>Nio\u00e5riga dottern Abigail dog pl\u00f6tsligt av sepsis i april 2024.\u00a0<\/p>\n<p>Sedan dess har familjen k\u00e4mpat med sorgen. Melissa har delat k\u00e4nslorna och tankarna med sina f\u00f6ljare p\u00e5 sociala medier, i hopp om att hj\u00e4lpa andra i samma situation.<\/p>\n<p>Men vid jul intr\u00e4ffade n\u00e4sta tragedi.\u00a0<\/p>\n<p>Lillasyster Molly gick bort den 25 december.\u00a0<\/p>\n<p>\u201dVi \u00e4r f\u00f6rkrossade. I chock. Of\u00f6rst\u00e5ende. Vi \u00e4r utmattade och omskakade efter en dag fylld av trauma och hj\u00e4rtesorg\u201d, skriver Melissa i ett Instagraminl\u00e4gg.<\/p>\n<p><img loading=\"lazy\"   alt=\"\"\/><\/p>\n<p>Systrarna Abigail och Molly.<\/p>\n<p>Foto: Instagram<\/p>\n<p>\u00d6ppna bild i helsk\u00e4rmKan bero p\u00e5 ett hj\u00e4rtfel<\/p>\n<p>Efter beskedet b\u00f6rjade m\u00e5nga spekulera i vad som kan ha h\u00e4nt. I ett nytt inl\u00e4gg valde Melissa att adressera n\u00e5gra av fr\u00e5gorna som uppst\u00e5tt.<\/p>\n<p>Hon ber\u00e4ttar att de \u00e4nnu inte har f\u00e5tt en diagnos, men l\u00e4karna misst\u00e4nker att d\u00f6dsfallet kan ha berott p\u00e5 ett medf\u00f6tt hj\u00e4rtfel. Samma hj\u00e4rtfel kan \u00e4ven ha orsakat Abigails d\u00f6d.\u00a0<\/p>\n<p>Melissa skriver att systrarna nu \u00e4r \u00e5terf\u00f6renade.<\/p>\n<p>\u201dDet h\u00e4r \u00e4r det enda som ger mig ens en liten k\u00e4nsla av tr\u00f6st. Molly saknade sin syster s\u00e5 oerh\u00f6rt mycket.\u201d<\/p>\n","protected":false},"excerpt":{"rendered":"Publicerad 29 dec 2025 kl 18.25 Influencern Melissa Mae Carlton f\u00f6rlorade sin dotter Abigail pl\u00f6tsligt f\u00f6rra \u00e5ret. Nyligen&hellip;\n","protected":false},"author":2,"featured_media":120067,"comment_status":"","ping_status":"","sticky":false,"template":"","format":"standard","meta":{"footnotes":""},"categories":[67],"tags":[104,425,34,31,33,32,30,4771,427,428,105],"class_list":{"0":"post-120066","1":"post","2":"type-post","3":"status-publish","4":"format-standard","5":"has-post-thumbnail","7":"category-underhallning","8":"tag-entertainment","9":"tag-organization-instagram","10":"tag-se","11":"tag-svenska","12":"tag-sverige","13":"tag-sweden","14":"tag-swedish","15":"tag-topic-barn","16":"tag-topic-dodsfall","17":"tag-topic-influencers","18":"tag-underhallning"},"share_on_mastodon":{"url":"https:\/\/pubeurope.com\/@se\/115804078422826322","error":""},"_links":{"self":[{"href":"https:\/\/www.europesays.com\/se\/wp-json\/wp\/v2\/posts\/120066","targetHints":{"allow":["GET"]}}],"collection":[{"href":"https:\/\/www.europesays.com\/se\/wp-json\/wp\/v2\/posts"}],"about":[{"href":"https:\/\/www.europesays.com\/se\/wp-json\/wp\/v2\/types\/post"}],"author":[{"embeddable":true,"href":"https:\/\/www.europesays.com\/se\/wp-json\/wp\/v2\/users\/2"}],"replies":[{"embeddable":true,"href":"https:\/\/www.europesays.com\/se\/wp-json\/wp\/v2\/comments?post=120066"}],"version-history":[{"count":0,"href":"https:\/\/www.europesays.com\/se\/wp-json\/wp\/v2\/posts\/120066\/revisions"}],"wp:featuredmedia":[{"embeddable":true,"href":"https:\/\/www.europesays.com\/se\/wp-json\/wp\/v2\/media\/120067"}],"wp:attachment":[{"href":"https:\/\/www.europesays.com\/se\/wp-json\/wp\/v2\/media?parent=120066"}],"wp:term":[{"taxonomy":"category","embeddable":true,"href":"https:\/\/www.europesays.com\/se\/wp-json\/wp\/v2\/categories?post=120066"},{"taxonomy":"post_tag","embeddable":true,"href":"https:\/\/www.europesays.com\/se\/wp-json\/wp\/v2\/tags?post=120066"}],"curies":[{"name":"wp","href":"https:\/\/api.w.org\/{rel}","templated":true}]}}