{"id":120074,"date":"2025-12-29T17:44:25","date_gmt":"2025-12-29T17:44:25","guid":{"rendered":"https:\/\/www.europesays.com\/se\/120074\/"},"modified":"2025-12-29T17:44:25","modified_gmt":"2025-12-29T17:44:25","slug":"adelmetallen-som-rusat-mer-an-guld","status":"publish","type":"post","link":"https:\/\/www.europesays.com\/se\/120074\/","title":{"rendered":"\u00c4delmetallen som rusat mer \u00e4n guld"},"content":{"rendered":"<p>M\u00e5nga nyheter har skrivits p\u00e5 sistone om priset p\u00e5 guld, som vanligtvis blir en kursrusare n\u00e4r priset p\u00e5 aktier faller och investerare s\u00f6ker sig till stabilare innehav.<\/p>\n<p>I skuggan har en annan \u00e4delmetall rusat under december. <a href=\"https:\/\/www.svd.se\/bors\/materials.php\" target=\"_blank\" rel=\"noopener noreferrer nofollow\">Silverpriset<\/a> hade aldrig noterats \u00f6ver 80 amerikanska dollar per uns \u2013 fram till den h\u00e4r veckan d\u00e5 metallen handlades upp till rekordh\u00f6ga 82,67 dollar tidigt p\u00e5 m\u00e5ndagen.<\/p>\n","protected":false},"excerpt":{"rendered":"M\u00e5nga nyheter har skrivits p\u00e5 sistone om priset p\u00e5 guld, som vanligtvis blir en kursrusare n\u00e4r priset p\u00e5&hellip;\n","protected":false},"author":2,"featured_media":120075,"comment_status":"","ping_status":"","sticky":false,"template":"","format":"standard","meta":{"footnotes":""},"categories":[5],"tags":[22,23,26,27,17,21,24,25,28,29,15,16,18,34,31,33,32,30,19,20],"class_list":{"0":"post-120074","1":"post","2":"type-post","3":"status-publish","4":"format-standard","5":"has-post-thumbnail","7":"category-rubriker","8":"tag-breaking-news","9":"tag-breakingnews","10":"tag-featured-news","11":"tag-featurednews","12":"tag-headlines","13":"tag-huvudnyheter","14":"tag-latest-news","15":"tag-latestnews","16":"tag-main-news","17":"tag-mainnews","18":"tag-news","19":"tag-nyheter","20":"tag-rubriker","21":"tag-se","22":"tag-svenska","23":"tag-sverige","24":"tag-sweden","25":"tag-swedish","26":"tag-top-stories","27":"tag-topstories"},"share_on_mastodon":{"url":"https:\/\/pubeurope.com\/@se\/115804101871745455","error":""},"_links":{"self":[{"href":"https:\/\/www.europesays.com\/se\/wp-json\/wp\/v2\/posts\/120074","targetHints":{"allow":["GET"]}}],"collection":[{"href":"https:\/\/www.europesays.com\/se\/wp-json\/wp\/v2\/posts"}],"about":[{"href":"https:\/\/www.europesays.com\/se\/wp-json\/wp\/v2\/types\/post"}],"author":[{"embeddable":true,"href":"https:\/\/www.europesays.com\/se\/wp-json\/wp\/v2\/users\/2"}],"replies":[{"embeddable":true,"href":"https:\/\/www.europesays.com\/se\/wp-json\/wp\/v2\/comments?post=120074"}],"version-history":[{"count":0,"href":"https:\/\/www.europesays.com\/se\/wp-json\/wp\/v2\/posts\/120074\/revisions"}],"wp:featuredmedia":[{"embeddable":true,"href":"https:\/\/www.europesays.com\/se\/wp-json\/wp\/v2\/media\/120075"}],"wp:attachment":[{"href":"https:\/\/www.europesays.com\/se\/wp-json\/wp\/v2\/media?parent=120074"}],"wp:term":[{"taxonomy":"category","embeddable":true,"href":"https:\/\/www.europesays.com\/se\/wp-json\/wp\/v2\/categories?post=120074"},{"taxonomy":"post_tag","embeddable":true,"href":"https:\/\/www.europesays.com\/se\/wp-json\/wp\/v2\/tags?post=120074"}],"curies":[{"name":"wp","href":"https:\/\/api.w.org\/{rel}","templated":true}]}}