{"id":120081,"date":"2025-12-29T17:51:11","date_gmt":"2025-12-29T17:51:11","guid":{"rendered":"https:\/\/www.europesays.com\/se\/120081\/"},"modified":"2025-12-29T17:51:11","modified_gmt":"2025-12-29T17:51:11","slug":"ledare-olyckligt-att-aganderatten-maste-utredas-igen-2","status":"publish","type":"post","link":"https:\/\/www.europesays.com\/se\/120081\/","title":{"rendered":"Ledare: Olyckligt att \u00e4gander\u00e4tten m\u00e5ste utredas igen"},"content":{"rendered":"<p>\t\t\t\t\t<a href=\"https:\/\/www.tn.se\/hoten-mot-aganderatten\/\" rel=\"nofollow noopener\" target=\"_blank\"><br \/>\n\t\t\t\tHOTEN MOT \u00c4GANDER\u00c4TTEN<br \/>\n\t\t\t<\/a><\/p>\n<p>\t\t\t\t<img decoding=\"async\" class=\"figure-img img-fluid\"  src=\"https:\/\/www.europesays.com\/se\/wp-content\/uploads\/2025\/12\/1767030671_94_bilder.tn.se.jpeg\" alt=\"\" itemprop=\"image\"\/><\/p>\n<p>\t\t\t\t\t\t\t\t\t\t\t\t\tBild:<br \/>\n\t\t\t\t\tGabriella Bruske\/TT<\/p>\n<p class=\"ew-preamble\" itemprop=\"description\">Tyv\u00e4rr skjuts den den v\u00e4lkomna f\u00f6r\u00e4ndringen av \u00e4gander\u00e4tten p\u00e5 framtiden, skriver Tobias Wikstr\u00f6m i en DI-ledare.<\/p>\n<p>\n\t\tPublicerad:<br \/>\n\t\t29 dec 2025, 12:30\n\t<\/p>\n<p>\n\t\t\tUppdaterad:<br \/>\n\t\t\t29 dec 2025, 13:46\n\t\t<\/p>\n<p class=\"ew-body\">En majoritet i den parlamentariska fri- och r\u00e4ttighetskommitt\u00e9n \u2013 v\u00e4nstersidan i politiken och den opolitiska ordf\u00f6randen \u2013 har lagt den viktiga fr\u00e5gan om \u00e4gander\u00e4tten \u00e5t sidan. Nu m\u00e5ste fr\u00e5gan utredas igen.<\/p>\n<p class=\"ew-body\">Det \u00e4r visserligen rimligt att grundlags\u00e4ndringar \u00e4r v\u00e4l avv\u00e4gda, men n\u00e4r det g\u00e4ller fr\u00e5gan om st\u00e4rkt \u00e4gander\u00e4tt har det g\u00e5tt f\u00f6r l\u00e5ngt, menar Tobias Wikstr\u00f6m.<\/p>\n<p class=\"ew-body\">\u201dPolitikerna har en avv\u00e4gning att g\u00f6ra: Om man anser att grundlagarna \u00e4r perfekta, d\u00e5 ska man f\u00f6rsv\u00e5ra \u00e4ndringar. Men om man r\u00e5kar tro att de alltid kan bli b\u00e4ttre, exempelvis f\u00f6r att st\u00e4rka enskildas r\u00e4ttigheter, m\u00e5ste just en s\u00e5dan utveckling vara m\u00f6jlig\u201d, skriver han.<\/p>\n<p class=\"ew-body\">Han menar att den nya riksdagen m\u00e5ste avsl\u00e5 f\u00f6rslaget om att det ska kr\u00e4vas tv\u00e5 tredjedelars majoritet f\u00f6r alla grundlags\u00e4ndringar. En s\u00e5dan beslutsregel b\u00f6r endast g\u00e4lla centrala paragrafer i grundlagarna.<\/p>\n<p class=\"ew-body\">DI: <a href=\"https:\/\/www.di.se\/ledare\/stark-aganderatten-i-grundlagen\/\" id=\"link-6d757ae58e9927f3fe8073e2d12ac2d7\" target=\"_blank\" rel=\"nofollow noopener\">\u201dSkogs\u00e4gare f\u00f6rbjuds att avverka sin skog av milj\u00f6skyddssk\u00e4l\u201d<\/a><\/p>\n<p>\n\t\tPublicerad:<br \/>\n\t\t29 dec 2025, 12:30\n\t<\/p>\n<p>\n\t\t\tUppdaterad:<br \/>\n\t\t\t29 dec 2025, 13:46\n\t\t<\/p>\n","protected":false},"excerpt":{"rendered":"HOTEN MOT \u00c4GANDER\u00c4TTEN Bild: Gabriella Bruske\/TT Tyv\u00e4rr skjuts den den v\u00e4lkomna f\u00f6r\u00e4ndringen av \u00e4gander\u00e4tten p\u00e5 framtiden, skriver Tobias&hellip;\n","protected":false},"author":2,"featured_media":119662,"comment_status":"","ping_status":"","sticky":false,"template":"","format":"standard","meta":{"footnotes":""},"categories":[12],"tags":[22,23,26,27,17,21,24,25,28,29,15,16,18,34,31,33,32,30,19,20],"class_list":{"0":"post-120081","1":"post","2":"type-post","3":"status-publish","4":"format-standard","5":"has-post-thumbnail","7":"category-sverige","8":"tag-breaking-news","9":"tag-breakingnews","10":"tag-featured-news","11":"tag-featurednews","12":"tag-headlines","13":"tag-huvudnyheter","14":"tag-latest-news","15":"tag-latestnews","16":"tag-main-news","17":"tag-mainnews","18":"tag-news","19":"tag-nyheter","20":"tag-rubriker","21":"tag-se","22":"tag-svenska","23":"tag-sverige","24":"tag-sweden","25":"tag-swedish","26":"tag-top-stories","27":"tag-topstories"},"share_on_mastodon":{"url":"https:\/\/pubeurope.com\/@se\/115804129505250224","error":""},"_links":{"self":[{"href":"https:\/\/www.europesays.com\/se\/wp-json\/wp\/v2\/posts\/120081","targetHints":{"allow":["GET"]}}],"collection":[{"href":"https:\/\/www.europesays.com\/se\/wp-json\/wp\/v2\/posts"}],"about":[{"href":"https:\/\/www.europesays.com\/se\/wp-json\/wp\/v2\/types\/post"}],"author":[{"embeddable":true,"href":"https:\/\/www.europesays.com\/se\/wp-json\/wp\/v2\/users\/2"}],"replies":[{"embeddable":true,"href":"https:\/\/www.europesays.com\/se\/wp-json\/wp\/v2\/comments?post=120081"}],"version-history":[{"count":0,"href":"https:\/\/www.europesays.com\/se\/wp-json\/wp\/v2\/posts\/120081\/revisions"}],"wp:featuredmedia":[{"embeddable":true,"href":"https:\/\/www.europesays.com\/se\/wp-json\/wp\/v2\/media\/119662"}],"wp:attachment":[{"href":"https:\/\/www.europesays.com\/se\/wp-json\/wp\/v2\/media?parent=120081"}],"wp:term":[{"taxonomy":"category","embeddable":true,"href":"https:\/\/www.europesays.com\/se\/wp-json\/wp\/v2\/categories?post=120081"},{"taxonomy":"post_tag","embeddable":true,"href":"https:\/\/www.europesays.com\/se\/wp-json\/wp\/v2\/tags?post=120081"}],"curies":[{"name":"wp","href":"https:\/\/api.w.org\/{rel}","templated":true}]}}