{"id":120082,"date":"2025-12-29T17:52:41","date_gmt":"2025-12-29T17:52:41","guid":{"rendered":"https:\/\/www.europesays.com\/se\/120082\/"},"modified":"2025-12-29T17:52:41","modified_gmt":"2025-12-29T17:52:41","slug":"ukraina-har-attackerat-putins-bostad","status":"publish","type":"post","link":"https:\/\/www.europesays.com\/se\/120082\/","title":{"rendered":"Ukraina har attackerat Putins bostad"},"content":{"rendered":"<p><a data-test-tag=\"internal-link\" href=\"https:\/\/www.aftonbladet.se\/av\/agnes-ericson\" class=\"hyperion-css-13ns1rr\" rel=\"nofollow noopener\" target=\"\" aria-label=\"Se alla artiklar av Agn\u00e8s Ericson\"><img decoding=\"async\" class=\"image-asset hyperion-css-n6kkq1\" data-test-tag=\"image-asset\" src=\"https:\/\/www.europesays.com\/se\/wp-content\/uploads\/2025\/12\/40e63808-cfdf-4edd-a8ec-9c54637d26da.png\"  alt=\"\"  loading=\"lazy\" fetchpriority=\"auto\" style=\"aspect-ratio:1900 \/ 1900\"\/><\/a><\/p>\n<p class=\"boxtextgrotesk-root_baa6 hyperion-css-7pajle\">Uppdaterad 17.01 | Publicerad 16.20<\/p>\n<p>share-arrowDela<\/p>\n<p>unsaveSpara<\/p>\n<p>expand-left<\/p>\n<p>helsk\u00e4rm<img decoding=\"async\" class=\"image-asset hyperion-css-u06ts1\" data-test-tag=\"image-asset\" src=\"https:\/\/www.europesays.com\/se\/wp-content\/uploads\/2025\/12\/95284007-6f74-4c39-bd98-2ea7d4a63a23.jpeg\"  alt=\"\"  loading=\"eager\" fetchpriority=\"high\" style=\"aspect-ratio:1900 \/ 1193\"\/> Foto: Mikhail Metzel \/ AP<\/p>\n<p class=\"hyperion-css-1shl3oz\" data-test-tag=\"lead-text\">Ryssland p\u00e5st\u00e5r att Ukraina har genomf\u00f6rt en dr\u00f6narattack mot Putins presidentpalats utanf\u00f6r Moskva. <\/p>\n<p class=\"hyperion-css-1shl3oz\" data-test-tag=\"lead-text\">L\u00f6gn, menar Zelenskyj. <\/p>\n<p class=\"hyperion-css-1v9qo5x\">Kreml h\u00e4vdar att Ukraina har f\u00f6rs\u00f6kt attackera Vladimir Putins residens i Novgorod i Ryssland med 91 l\u00e5ngdistansdr\u00f6nare, rapporterar den statliga nyhetsbyr\u00e5n Tass. <\/p>\n<p class=\"hyperion-css-1v9qo5x\">Attacken ska ha skett under natten till den 29 december. <\/p>\n<p class=\"hyperion-css-1v9qo5x\">Presidentpalatset, som anv\u00e4nds som sommarresidens, ligger vid Valdajsj\u00f6n. <\/p>\n<p class=\"hyperion-css-1v9qo5x\">Enligt landets utrikesminister Sergej Lavrov har ingen person eller byggnad kommit till skada. Moskva planerar nu att h\u00e4mnas med en motattack. Lavrov h\u00e4vdar att attacken g\u00f6r att Ryssland kommer att &#8221;f\u00f6r\u00e4ndra sin f\u00f6rhandlingsposition&#8221;.<\/p>\n<p class=\"hyperion-css-1v9qo5x\">Uppgifterna tillbakavisas fr\u00e5n ukrainskt h\u00e5ll.<\/p>\n<p class=\"hyperion-css-1v9qo5x\">&#8221;Det h\u00e4r \u00e4r l\u00f6gn&#8221;, s\u00e4ger Ukrainas president Volodymyr Zelenskyj enligt Reuters och s\u00e4ger att det \u00e4r ett s\u00e4tt att underminera de p\u00e5g\u00e5ende fredssamtalen mellan USA och Ukraina. <\/p>\n","protected":false},"excerpt":{"rendered":"Uppdaterad 17.01 | Publicerad 16.20 share-arrowDela unsaveSpara expand-left helsk\u00e4rm Foto: Mikhail Metzel \/ AP Ryssland p\u00e5st\u00e5r att Ukraina&hellip;\n","protected":false},"author":2,"featured_media":120083,"comment_status":"","ping_status":"","sticky":false,"template":"","format":"standard","meta":{"footnotes":""},"categories":[5],"tags":[22,23,26,27,17,21,24,25,28,29,15,16,18,34,31,33,32,30,19,20],"class_list":{"0":"post-120082","1":"post","2":"type-post","3":"status-publish","4":"format-standard","5":"has-post-thumbnail","7":"category-rubriker","8":"tag-breaking-news","9":"tag-breakingnews","10":"tag-featured-news","11":"tag-featurednews","12":"tag-headlines","13":"tag-huvudnyheter","14":"tag-latest-news","15":"tag-latestnews","16":"tag-main-news","17":"tag-mainnews","18":"tag-news","19":"tag-nyheter","20":"tag-rubriker","21":"tag-se","22":"tag-svenska","23":"tag-sverige","24":"tag-sweden","25":"tag-swedish","26":"tag-top-stories","27":"tag-topstories"},"share_on_mastodon":{"url":"https:\/\/pubeurope.com\/@se\/115804133346341400","error":""},"_links":{"self":[{"href":"https:\/\/www.europesays.com\/se\/wp-json\/wp\/v2\/posts\/120082","targetHints":{"allow":["GET"]}}],"collection":[{"href":"https:\/\/www.europesays.com\/se\/wp-json\/wp\/v2\/posts"}],"about":[{"href":"https:\/\/www.europesays.com\/se\/wp-json\/wp\/v2\/types\/post"}],"author":[{"embeddable":true,"href":"https:\/\/www.europesays.com\/se\/wp-json\/wp\/v2\/users\/2"}],"replies":[{"embeddable":true,"href":"https:\/\/www.europesays.com\/se\/wp-json\/wp\/v2\/comments?post=120082"}],"version-history":[{"count":0,"href":"https:\/\/www.europesays.com\/se\/wp-json\/wp\/v2\/posts\/120082\/revisions"}],"wp:featuredmedia":[{"embeddable":true,"href":"https:\/\/www.europesays.com\/se\/wp-json\/wp\/v2\/media\/120083"}],"wp:attachment":[{"href":"https:\/\/www.europesays.com\/se\/wp-json\/wp\/v2\/media?parent=120082"}],"wp:term":[{"taxonomy":"category","embeddable":true,"href":"https:\/\/www.europesays.com\/se\/wp-json\/wp\/v2\/categories?post=120082"},{"taxonomy":"post_tag","embeddable":true,"href":"https:\/\/www.europesays.com\/se\/wp-json\/wp\/v2\/tags?post=120082"}],"curies":[{"name":"wp","href":"https:\/\/api.w.org\/{rel}","templated":true}]}}