{"id":120087,"date":"2025-12-29T17:57:46","date_gmt":"2025-12-29T17:57:46","guid":{"rendered":"https:\/\/www.europesays.com\/se\/120087\/"},"modified":"2025-12-29T17:57:46","modified_gmt":"2025-12-29T17:57:46","slug":"affarsvarlden-ger-ett-koprad-for-huhtamaki","status":"publish","type":"post","link":"https:\/\/www.europesays.com\/se\/120087\/","title":{"rendered":"Aff\u00e4rsv\u00e4rlden ger ett k\u00f6pr\u00e5d f\u00f6r Huhtam\u00e4ki"},"content":{"rendered":"<p>&#13;<br \/>\n                        V\u00e4rderingen av bolaget l\u00e5g l\u00e4nge runt 17x ev\/ebit, men sedan v\u00e5ren 2022 och krigsutbrottet i Ukraina har aktien backat samtidigt som verksamheten taktat p\u00e5. V\u00e4rderingen \u00e4r nu nere runt 11x ev\/ebit.<\/p>\n<p>&#8221;Vi har sv\u00e5rt att se n\u00e5gon m\u00f6jlig f\u00f6rklaring, och \u00e4n mindre n\u00e5gon logisk f\u00f6rklaring till att Huhtam\u00e4ki v\u00e4rderats ned s\u00e5 kraftigt p\u00e5 senare \u00e5r. Bolagets oms\u00e4ttning har fallit n\u00e5got sedan 2022 men det \u00e4r som tidigare n\u00e4mnt av tydligt \u00f6verg\u00e5ende karakt\u00e4r&#8221;, skriver Aff\u00e4rsv\u00e4rlden.<\/p>\n<p>I analysen landar Aff\u00e4rsv\u00e4rlden i en k\u00f6prekommendation.<\/p>\n<p>&#8221;Det \u00e4r sv\u00e5rt att hitta n\u00e5gra tydliga triggers f\u00f6r uppv\u00e4rdering i n\u00e4rtid och aktien passar inte f\u00f6r den som s\u00f6ker ett snabbt klipp. Men f\u00f6r den som tycker att det l\u00e5ter lockande att sk\u00f6rda f\u00f6rh\u00e5llandevis s\u00e4kra kassafl\u00f6den till en l\u00e5g v\u00e4rdering framst\u00e5r aktien som ett bra val. Vi landar i ett k\u00f6pr\u00e5d f\u00f6r Huhtam\u00e4ki&#8221;, skriver tidningen.&#13;\n                    <\/p>\n","protected":false},"excerpt":{"rendered":"&#13; V\u00e4rderingen av bolaget l\u00e5g l\u00e4nge runt 17x ev\/ebit, men sedan v\u00e5ren 2022 och krigsutbrottet i Ukraina har&hellip;\n","protected":false},"author":2,"featured_media":120088,"comment_status":"","ping_status":"","sticky":false,"template":"","format":"standard","meta":{"footnotes":""},"categories":[65],"tags":[72,70,71,454,453,451,452,34,31,33,32,30,455],"class_list":{"0":"post-120087","1":"post","2":"type-post","3":"status-publish","4":"format-standard","5":"has-post-thumbnail","7":"category-ekonomi","8":"tag-business","9":"tag-economy","10":"tag-ekonomi","11":"tag-ekonomisk-analys","12":"tag-finans","13":"tag-finansiella-nyheter","14":"tag-investera","15":"tag-se","16":"tag-svenska","17":"tag-sverige","18":"tag-sweden","19":"tag-swedish","20":"tag-trading"},"share_on_mastodon":{"url":"https:\/\/pubeurope.com\/@se\/115804156931418343","error":""},"_links":{"self":[{"href":"https:\/\/www.europesays.com\/se\/wp-json\/wp\/v2\/posts\/120087","targetHints":{"allow":["GET"]}}],"collection":[{"href":"https:\/\/www.europesays.com\/se\/wp-json\/wp\/v2\/posts"}],"about":[{"href":"https:\/\/www.europesays.com\/se\/wp-json\/wp\/v2\/types\/post"}],"author":[{"embeddable":true,"href":"https:\/\/www.europesays.com\/se\/wp-json\/wp\/v2\/users\/2"}],"replies":[{"embeddable":true,"href":"https:\/\/www.europesays.com\/se\/wp-json\/wp\/v2\/comments?post=120087"}],"version-history":[{"count":0,"href":"https:\/\/www.europesays.com\/se\/wp-json\/wp\/v2\/posts\/120087\/revisions"}],"wp:featuredmedia":[{"embeddable":true,"href":"https:\/\/www.europesays.com\/se\/wp-json\/wp\/v2\/media\/120088"}],"wp:attachment":[{"href":"https:\/\/www.europesays.com\/se\/wp-json\/wp\/v2\/media?parent=120087"}],"wp:term":[{"taxonomy":"category","embeddable":true,"href":"https:\/\/www.europesays.com\/se\/wp-json\/wp\/v2\/categories?post=120087"},{"taxonomy":"post_tag","embeddable":true,"href":"https:\/\/www.europesays.com\/se\/wp-json\/wp\/v2\/tags?post=120087"}],"curies":[{"name":"wp","href":"https:\/\/api.w.org\/{rel}","templated":true}]}}