{"id":120094,"date":"2025-12-29T18:05:30","date_gmt":"2025-12-29T18:05:30","guid":{"rendered":"https:\/\/www.europesays.com\/se\/120094\/"},"modified":"2025-12-29T18:05:30","modified_gmt":"2025-12-29T18:05:30","slug":"europeiska-forsvarsbolag-vantas-lamna-storsta-utdelningarna-pa-over-10-ar","status":"publish","type":"post","link":"https:\/\/www.europesays.com\/se\/120094\/","title":{"rendered":"Europeiska f\u00f6rsvarsbolag v\u00e4ntas l\u00e4mna st\u00f6rsta utdelningarna p\u00e5 \u00f6ver 10 \u00e5r"},"content":{"rendered":"<p>&#13;<br \/>\n                        I sammanst\u00e4llningen ing\u00e5r de st\u00f6rsta europeiska f\u00f6rsvarsbolagen, med undantag f\u00f6r Airbus d\u00e5 bolaget ocks\u00e5 har en stor exponering mot civil verksamhet.<\/p>\n<p>De \u00f6kade utdelningarna \u00e4r en trend som p\u00e5g\u00e5tt sedan den ryska invasionen av Ukraina i februari 2022. Sedan dess har orderb\u00f6ckerna sv\u00e4llt och vinsterna lyft f\u00f6r f\u00f6rsvarsbolagen i takt med att europeiska l\u00e4nder rustar upp f\u00f6rsvaret.<\/p>\n<p>Saabs utdelning f\u00f6rra \u00e5ret var p\u00e5 2 kronor per aktie (1,60), vilket motsvarar drygt en miljard kronor. Utdelningsf\u00f6rslaget f\u00f6r 2025 v\u00e4ntas i samband med bokslutskommunik\u00e9n den 5 februari.&#13;\n                    <\/p>\n","protected":false},"excerpt":{"rendered":"&#13; I sammanst\u00e4llningen ing\u00e5r de st\u00f6rsta europeiska f\u00f6rsvarsbolagen, med undantag f\u00f6r Airbus d\u00e5 bolaget ocks\u00e5 har en stor&hellip;\n","protected":false},"author":2,"featured_media":120095,"comment_status":"","ping_status":"","sticky":false,"template":"","format":"standard","meta":{"footnotes":""},"categories":[65],"tags":[72,70,71,454,453,451,452,34,31,33,32,30,455],"class_list":{"0":"post-120094","1":"post","2":"type-post","3":"status-publish","4":"format-standard","5":"has-post-thumbnail","7":"category-ekonomi","8":"tag-business","9":"tag-economy","10":"tag-ekonomi","11":"tag-ekonomisk-analys","12":"tag-finans","13":"tag-finansiella-nyheter","14":"tag-investera","15":"tag-se","16":"tag-svenska","17":"tag-sverige","18":"tag-sweden","19":"tag-swedish","20":"tag-trading"},"share_on_mastodon":{"url":"https:\/\/pubeurope.com\/@se\/115804184498815632","error":""},"_links":{"self":[{"href":"https:\/\/www.europesays.com\/se\/wp-json\/wp\/v2\/posts\/120094","targetHints":{"allow":["GET"]}}],"collection":[{"href":"https:\/\/www.europesays.com\/se\/wp-json\/wp\/v2\/posts"}],"about":[{"href":"https:\/\/www.europesays.com\/se\/wp-json\/wp\/v2\/types\/post"}],"author":[{"embeddable":true,"href":"https:\/\/www.europesays.com\/se\/wp-json\/wp\/v2\/users\/2"}],"replies":[{"embeddable":true,"href":"https:\/\/www.europesays.com\/se\/wp-json\/wp\/v2\/comments?post=120094"}],"version-history":[{"count":0,"href":"https:\/\/www.europesays.com\/se\/wp-json\/wp\/v2\/posts\/120094\/revisions"}],"wp:featuredmedia":[{"embeddable":true,"href":"https:\/\/www.europesays.com\/se\/wp-json\/wp\/v2\/media\/120095"}],"wp:attachment":[{"href":"https:\/\/www.europesays.com\/se\/wp-json\/wp\/v2\/media?parent=120094"}],"wp:term":[{"taxonomy":"category","embeddable":true,"href":"https:\/\/www.europesays.com\/se\/wp-json\/wp\/v2\/categories?post=120094"},{"taxonomy":"post_tag","embeddable":true,"href":"https:\/\/www.europesays.com\/se\/wp-json\/wp\/v2\/tags?post=120094"}],"curies":[{"name":"wp","href":"https:\/\/api.w.org\/{rel}","templated":true}]}}