{"id":120096,"date":"2025-12-29T18:06:21","date_gmt":"2025-12-29T18:06:21","guid":{"rendered":"https:\/\/www.europesays.com\/se\/120096\/"},"modified":"2025-12-29T18:06:21","modified_gmt":"2025-12-29T18:06:21","slug":"irans-centralbankschef-avgar-efter-valutakollaps-affarsvarlden","status":"publish","type":"post","link":"https:\/\/www.europesays.com\/se\/120096\/","title":{"rendered":"Irans centralbankschef avg\u00e5r efter valutakollaps &#8211; Aff\u00e4rsv\u00e4rlden"},"content":{"rendered":"<ol>\n<li><a href=\"https:\/\/news.google.com\/rss\/articles\/CBMijgFBVV95cUxQbDBRNndUNUlxWmtpZmNmcm5OYmlTSTdiMW9Ua21GcmNTVWVlU1JXa1dGZF9YWElqMU5rSl9oN2M5bWd1R0tIZW5hS2xNWTMyWlVxTTFKR0pMRHk4Wkk3TFQtSmRoUmlXR0czX0d5Q21BLU9XcUNETHo2YWJoZ05vcEVMbFd1NUJrTmtTeHRR?oc=5\" target=\"_blank\" rel=\"nofollow noopener\">Irans centralbankschef avg\u00e5r efter valutakollaps<\/a>&nbsp;&nbsp;Aff\u00e4rsv\u00e4rlden<\/li>\n<li><a href=\"https:\/\/news.google.com\/rss\/articles\/CBMidEFVX3lxTFAtQW9TV3BKcExnVHNWVE8zN2pVMm03UjJUd0tFdWp5UHJyandvaDB0M2NSVnRvTUNnZ250eWVoVEItYmZIbEgzYlZqNFVCbmZEZG5sVF9OOHNvLW04d1JDSk54eE84SzQyazVQWmdVQ0oyNFF0?oc=5\" target=\"_blank\" rel=\"nofollow noopener\">Stora protester i Iran<\/a>&nbsp;&nbsp;Aftonbladet<\/li>\n<li><a href=\"https:\/\/news.google.com\/rss\/articles\/CBMieEFVX3lxTE5uUF9raWIzS000WEYzWXVqczFiZy1iNVNHS244WER0TTZFdURSYk90bkllY243VGxMWmplUS02b2p5T01mNTFfZUFhVElpQUFZdHdJVGVySTRvZEhkRmV0NjZhUXdSZEN2a2duX0ZIalczVFdtcjJkSw?oc=5\" target=\"_blank\" rel=\"nofollow noopener\">Rekordl\u00e5g valutakurs \u2013 risk f\u00f6r hyperinflation<\/a>&nbsp;&nbsp;Omni<\/li>\n<li><a href=\"https:\/\/news.google.com\/rss\/articles\/CBMihAFBVV95cUxPWFlMWXBVeC1UVlJVOU5WRXFUdWdFeGpGY1JsdzRDYkZoZHlLOWNyNjNJU1phUXhPaUU0SWxSTmFFaTJ1cGM2Vm9aNmVxMExKM0dCdU1MUEFuNU9oSm51NlEwV25YN3NJS3llQk9aM1BYWHZhY20wUVppR2NabUp5TzMtS3E?oc=5\" target=\"_blank\" rel=\"nofollow noopener\">Protester i Teheran \u2013 handlare st\u00e4nger butikerna<\/a>&nbsp;&nbsp;Omni Ekonomi<\/li>\n<li><a href=\"https:\/\/news.google.com\/rss\/articles\/CBMibEFVX3lxTE5qVl9PbG9aWWhuTHlYUFZIZVNXenRFcHctTTVBOENwMHdBSmFCWUMyUU1mdVRMYXJaa2M4WmdIWlhUc01kdUJZMlJuTnNYTElJS3FuZURZbmx2RU1BMDBqTXFWbzJoV1BSTTFDTw?oc=5\" target=\"_blank\" rel=\"nofollow noopener\">Anosh Ghasri: Iran kokar n\u00e4r ekonomin r\u00e4mnar<\/a>&nbsp;&nbsp;Fokus &#8211; Sveriges nyhetsmagasin<\/li>\n<\/ol>\n","protected":false},"excerpt":{"rendered":"Irans centralbankschef avg\u00e5r efter valutakollaps&nbsp;&nbsp;Aff\u00e4rsv\u00e4rlden Stora protester i Iran&nbsp;&nbsp;Aftonbladet Rekordl\u00e5g valutakurs \u2013 risk f\u00f6r hyperinflation&nbsp;&nbsp;Omni Protester i Teheran&hellip;\n","protected":false},"author":2,"featured_media":120097,"comment_status":"","ping_status":"","sticky":false,"template":"","format":"standard","meta":{"footnotes":""},"categories":[14],"tags":[22,23,26,27,17,21,24,25,28,29,15,16,18,34,31,33,32,30,19,20,51,52,53,54],"class_list":{"0":"post-120096","1":"post","2":"type-post","3":"status-publish","4":"format-standard","5":"has-post-thumbnail","7":"category-varlden","8":"tag-breaking-news","9":"tag-breakingnews","10":"tag-featured-news","11":"tag-featurednews","12":"tag-headlines","13":"tag-huvudnyheter","14":"tag-latest-news","15":"tag-latestnews","16":"tag-main-news","17":"tag-mainnews","18":"tag-news","19":"tag-nyheter","20":"tag-rubriker","21":"tag-se","22":"tag-svenska","23":"tag-sverige","24":"tag-sweden","25":"tag-swedish","26":"tag-top-stories","27":"tag-topstories","28":"tag-varlden","29":"tag-world","30":"tag-world-news","31":"tag-worldnews"},"share_on_mastodon":{"url":"https:\/\/pubeurope.com\/@se\/115804188462503754","error":""},"_links":{"self":[{"href":"https:\/\/www.europesays.com\/se\/wp-json\/wp\/v2\/posts\/120096","targetHints":{"allow":["GET"]}}],"collection":[{"href":"https:\/\/www.europesays.com\/se\/wp-json\/wp\/v2\/posts"}],"about":[{"href":"https:\/\/www.europesays.com\/se\/wp-json\/wp\/v2\/types\/post"}],"author":[{"embeddable":true,"href":"https:\/\/www.europesays.com\/se\/wp-json\/wp\/v2\/users\/2"}],"replies":[{"embeddable":true,"href":"https:\/\/www.europesays.com\/se\/wp-json\/wp\/v2\/comments?post=120096"}],"version-history":[{"count":0,"href":"https:\/\/www.europesays.com\/se\/wp-json\/wp\/v2\/posts\/120096\/revisions"}],"wp:featuredmedia":[{"embeddable":true,"href":"https:\/\/www.europesays.com\/se\/wp-json\/wp\/v2\/media\/120097"}],"wp:attachment":[{"href":"https:\/\/www.europesays.com\/se\/wp-json\/wp\/v2\/media?parent=120096"}],"wp:term":[{"taxonomy":"category","embeddable":true,"href":"https:\/\/www.europesays.com\/se\/wp-json\/wp\/v2\/categories?post=120096"},{"taxonomy":"post_tag","embeddable":true,"href":"https:\/\/www.europesays.com\/se\/wp-json\/wp\/v2\/tags?post=120096"}],"curies":[{"name":"wp","href":"https:\/\/api.w.org\/{rel}","templated":true}]}}