{"id":120105,"date":"2025-12-29T18:15:29","date_gmt":"2025-12-29T18:15:29","guid":{"rendered":"https:\/\/www.europesays.com\/se\/120105\/"},"modified":"2025-12-29T18:15:29","modified_gmt":"2025-12-29T18:15:29","slug":"har-ar-gavlebockens-mest-markvardiga-oden-genom-aren","status":"publish","type":"post","link":"https:\/\/www.europesays.com\/se\/120105\/","title":{"rendered":"H\u00e4r \u00e4r G\u00e4vlebockens mest m\u00e4rkv\u00e4rdiga \u00f6den genom \u00e5ren"},"content":{"rendered":"<p class=\"sc-c25743f0-0 sc-e37c0145-2 hObFds DQgPn\">Sedan den f\u00f6rsta bocken restes i G\u00e4vle 1966 har traditionen kantats av dramatik, det visar <a href=\"https:\/\/www.visitgavle.se\/sv\/gavlebockens-ode\" class=\"pcc\" target=\"_blank\" rel=\"noopener noreferrer nofollow\">Visit G\u00e4vles <\/a>sammanst\u00e4llning. Premi\u00e4r\u00e5ret slutade med att bocken gick upp i r\u00f6k vid midnatt p\u00e5 ny\u00e5rsnatten. G\u00e4rningsmannen greps och \u00e5talades sedan f\u00f6r grov skadeg\u00f6relse. \u00c5ren d\u00e4rp\u00e5 fick bocken st\u00e5 kvar \u2013 men lugnet blev kortvarigt. <\/p>\n<p>Det m\u00f6rka 70-talet <\/p>\n<p class=\"sc-c25743f0-0 sc-e37c0145-2 hObFds DQgPn\">Under 1970-talet blev bockens liv allt annat \u00e4n fridfullt. 1970 br\u00e4ndes den bara sex timmar efter upps\u00e4ttningen. \u00c5ret d\u00e4rp\u00e5 tr\u00f6ttnade S\u00f6ders k\u00f6pm\u00e4n och lade ner projektet, men elever fr\u00e5n Vasaskolan tog \u00f6ver med en mindre bock som snart slogs s\u00f6nder. Resten av decenniet pr\u00e4glades av sabotage: bocken sj\u00f6nk ihop, br\u00e4ndes ner och slogs i bitar flera g\u00e5nger.<\/p>\n<p class=\"sc-c25743f0-0 sc-e37c0145-2 hObFds DQgPn\">Men det \u00e4r en h\u00e4ndelse fr\u00e5n 1976 som \u00e4r allra mest minnesv\u00e4rd. D\u00e5 en raggarbil k\u00f6rde d\u00e5 \u00f6ver bocken, som demolerades.<\/p>\n<p>Bocken sl\u00e5r rekord<\/p>\n<p class=\"sc-c25743f0-0 sc-e37c0145-2 hObFds DQgPn\">80-talet blev inte lugnare f\u00f6r G\u00e4vlebocken, som dock fortsattes att uts\u00e4ttas f\u00f6r sabotage.<\/p>\n<p class=\"sc-c25743f0-0 sc-e37c0145-2 hObFds DQgPn\">Mitt i dramatiken kom ett rekord: 1985 byggdes en 12,5 meter h\u00f6g bock som hamnade i Guinness rekordbok. Gl\u00e4djen blev kortvarig \u2013 den br\u00e4ndes ner i januari. \u00c5ret d\u00e4rp\u00e5 tog S\u00f6ders k\u00f6pm\u00e4n tillbaka bockbygget, och fr\u00e5n 1986 blev det tradition med tv\u00e5 bockar: den stora och Vasaskolans mindre variant. Men \u00e4ven den stora bocken br\u00e4ndes ner natten till julafton.<\/p>\n<p>Digitala eran <\/p>\n<p class=\"sc-c25743f0-0 sc-e37c0145-2 hObFds DQgPn\">1991 fick bocken f\u00f6lja med till Stockholm i protest mot nedl\u00e4ggningen av I 14-regementet \u2013 ett ovanligt politiskt inslag. 1993 kom ett rekord n\u00e4r Vasaskolans bock hamnade i Guinness rekordbok. 1996 tog bocken klivet in i den digitala eran med sin f\u00f6rsta webbkamera som bevakade platsen och halmbocken. Resten av decenniet kantades av br\u00e4nder och \u00e5teruppbyggnader.<\/p>\n<p>Nya hot<\/p>\n<p class=\"sc-c25743f0-0 sc-e37c0145-2 hObFds DQgPn\">Millenniet b\u00f6rjade med br\u00e4nder n\u00e4stan varje \u00e5r. 2000 gick bocken upp i r\u00f6k strax f\u00f6re ny\u00e5r, och 2001 blev internationellt uppm\u00e4rksammat n\u00e4r en amerikansk turist satte eld p\u00e5 den dagen f\u00f6re julafton.<\/p>\n<p class=\"sc-c25743f0-0 sc-e37c0145-2 hObFds DQgPn\">Efter n\u00e5gra \u00e5r med b\u00e5de misslyckade attentat och impregnerat skydd kom 2009 \u2013 \u00e5ret d\u00e5 sabotage blev digitalt. Natten till den 23 december br\u00e4ndes bocken, samtidigt som webbkamerorna hackades. Pyromanerna syntes inte p\u00e5 bilderna, vilket gjorde attacken unik och visade att hoten mot G\u00e4vlebocken inte l\u00e4ngre bara var fysiska.<\/p>\n<p class=\"sc-c25743f0-0 sc-e37c0145-2 hObFds DQgPn\">Efter millenniet fortsatte dramatiken: helikopterkupp-planer 2010, rekordbr\u00e4nder under 10-talet och flera \u00e5r d\u00e5 bocken faktiskt stod kvar. 2020-talet bj\u00f6d p\u00e5 b\u00e5de flytt, f\u00e5gelattacker och nya attentat \u2013 men ocks\u00e5 ovanligt m\u00e5nga lugna vintrar.<\/p>\n","protected":false},"excerpt":{"rendered":"Sedan den f\u00f6rsta bocken restes i G\u00e4vle 1966 har traditionen kantats av dramatik, det visar Visit G\u00e4vles sammanst\u00e4llning.&hellip;\n","protected":false},"author":2,"featured_media":120106,"comment_status":"","ping_status":"","sticky":false,"template":"","format":"standard","meta":{"footnotes":""},"categories":[12],"tags":[22,23,26,27,17,21,24,25,28,29,15,16,18,34,31,33,32,30,19,20],"class_list":{"0":"post-120105","1":"post","2":"type-post","3":"status-publish","4":"format-standard","5":"has-post-thumbnail","7":"category-sverige","8":"tag-breaking-news","9":"tag-breakingnews","10":"tag-featured-news","11":"tag-featurednews","12":"tag-headlines","13":"tag-huvudnyheter","14":"tag-latest-news","15":"tag-latestnews","16":"tag-main-news","17":"tag-mainnews","18":"tag-news","19":"tag-nyheter","20":"tag-rubriker","21":"tag-se","22":"tag-svenska","23":"tag-sverige","24":"tag-sweden","25":"tag-swedish","26":"tag-top-stories","27":"tag-topstories"},"share_on_mastodon":{"url":"https:\/\/pubeurope.com\/@se\/115804223839532204","error":""},"_links":{"self":[{"href":"https:\/\/www.europesays.com\/se\/wp-json\/wp\/v2\/posts\/120105","targetHints":{"allow":["GET"]}}],"collection":[{"href":"https:\/\/www.europesays.com\/se\/wp-json\/wp\/v2\/posts"}],"about":[{"href":"https:\/\/www.europesays.com\/se\/wp-json\/wp\/v2\/types\/post"}],"author":[{"embeddable":true,"href":"https:\/\/www.europesays.com\/se\/wp-json\/wp\/v2\/users\/2"}],"replies":[{"embeddable":true,"href":"https:\/\/www.europesays.com\/se\/wp-json\/wp\/v2\/comments?post=120105"}],"version-history":[{"count":0,"href":"https:\/\/www.europesays.com\/se\/wp-json\/wp\/v2\/posts\/120105\/revisions"}],"wp:featuredmedia":[{"embeddable":true,"href":"https:\/\/www.europesays.com\/se\/wp-json\/wp\/v2\/media\/120106"}],"wp:attachment":[{"href":"https:\/\/www.europesays.com\/se\/wp-json\/wp\/v2\/media?parent=120105"}],"wp:term":[{"taxonomy":"category","embeddable":true,"href":"https:\/\/www.europesays.com\/se\/wp-json\/wp\/v2\/categories?post=120105"},{"taxonomy":"post_tag","embeddable":true,"href":"https:\/\/www.europesays.com\/se\/wp-json\/wp\/v2\/tags?post=120105"}],"curies":[{"name":"wp","href":"https:\/\/api.w.org\/{rel}","templated":true}]}}