{"id":120111,"date":"2025-12-29T18:25:34","date_gmt":"2025-12-29T18:25:34","guid":{"rendered":"https:\/\/www.europesays.com\/se\/120111\/"},"modified":"2025-12-29T18:25:34","modified_gmt":"2025-12-29T18:25:34","slug":"amazon-stoppar-planer-pa-dronarleverans-i-italien","status":"publish","type":"post","link":"https:\/\/www.europesays.com\/se\/120111\/","title":{"rendered":"Amazon stoppar planer p\u00e5 dr\u00f6narleverans i Italien"},"content":{"rendered":"<p>Amazon avbryter sitt projekt med dr\u00f6narleveranser i Italien, rapporterar nyhetsbyr\u00e5n Ansa. Beskedet kommer \u201defter en strategisk granskning\u201d, uppger teknikj\u00e4tten i ett uttalande.<\/p>\n<p>Samtidigt meddelar bolaget att dr\u00f6narleveransprojekten i USA och Storbritannien \u201dg\u00e5r bra, med testflygningar och kommersiella leveranser som visat sig effektiva och v\u00e4lkomna av kunderna\u201d.<\/p>\n<p>Omni \u00e4r politiskt obundna och oberoende. Vi str\u00e4var efter att ge fler perspektiv p\u00e5 nyheterna. Har du fr\u00e5gor eller synpunkter kring v\u00e5r rapportering? <a href=\"https:\/\/omni.se\/amazon-stoppar-planer-pa-dronarleverans-i-italien\/a\/mailto:redaktion@omni.se\" class=\"ArticleActions_contactLink__W2F1M\" rel=\"nofollow noopener\" target=\"_blank\">Kontakta redaktionen<\/a><\/p>\n","protected":false},"excerpt":{"rendered":"Amazon avbryter sitt projekt med dr\u00f6narleveranser i Italien, rapporterar nyhetsbyr\u00e5n Ansa. Beskedet kommer \u201defter en strategisk granskning\u201d, uppger&hellip;\n","protected":false},"author":2,"featured_media":120112,"comment_status":"","ping_status":"","sticky":false,"template":"","format":"standard","meta":{"footnotes":""},"categories":[65],"tags":[4008,72,333,70,71,267,334,692,34,31,33,32,30],"class_list":{"0":"post-120111","1":"post","2":"type-post","3":"status-publish","4":"format-standard","5":"has-post-thumbnail","7":"category-ekonomi","8":"tag-amazon","9":"tag-business","10":"tag-data","11":"tag-economy","12":"tag-ekonomi","13":"tag-europa","14":"tag-it-hogteknologi","15":"tag-italien","16":"tag-se","17":"tag-svenska","18":"tag-sverige","19":"tag-sweden","20":"tag-swedish"},"share_on_mastodon":{"url":"https:\/\/pubeurope.com\/@se\/115804263119910578","error":""},"_links":{"self":[{"href":"https:\/\/www.europesays.com\/se\/wp-json\/wp\/v2\/posts\/120111","targetHints":{"allow":["GET"]}}],"collection":[{"href":"https:\/\/www.europesays.com\/se\/wp-json\/wp\/v2\/posts"}],"about":[{"href":"https:\/\/www.europesays.com\/se\/wp-json\/wp\/v2\/types\/post"}],"author":[{"embeddable":true,"href":"https:\/\/www.europesays.com\/se\/wp-json\/wp\/v2\/users\/2"}],"replies":[{"embeddable":true,"href":"https:\/\/www.europesays.com\/se\/wp-json\/wp\/v2\/comments?post=120111"}],"version-history":[{"count":0,"href":"https:\/\/www.europesays.com\/se\/wp-json\/wp\/v2\/posts\/120111\/revisions"}],"wp:featuredmedia":[{"embeddable":true,"href":"https:\/\/www.europesays.com\/se\/wp-json\/wp\/v2\/media\/120112"}],"wp:attachment":[{"href":"https:\/\/www.europesays.com\/se\/wp-json\/wp\/v2\/media?parent=120111"}],"wp:term":[{"taxonomy":"category","embeddable":true,"href":"https:\/\/www.europesays.com\/se\/wp-json\/wp\/v2\/categories?post=120111"},{"taxonomy":"post_tag","embeddable":true,"href":"https:\/\/www.europesays.com\/se\/wp-json\/wp\/v2\/tags?post=120111"}],"curies":[{"name":"wp","href":"https:\/\/api.w.org\/{rel}","templated":true}]}}