{"id":120113,"date":"2025-12-29T18:26:24","date_gmt":"2025-12-29T18:26:24","guid":{"rendered":"https:\/\/www.europesays.com\/se\/120113\/"},"modified":"2025-12-29T18:26:24","modified_gmt":"2025-12-29T18:26:24","slug":"trump-och-zelenskyj-holl-presstraff-efter-mote-i-florida","status":"publish","type":"post","link":"https:\/\/www.europesays.com\/se\/120113\/","title":{"rendered":"Trump och Zelenskyj h\u00f6ll presstr\u00e4ff efter m\u00f6te i Florida"},"content":{"rendered":"<p>Vid 19.30 svensk tid anl\u00e4nde Zelenskyj till Trumps Mar-a-Lago f\u00f6r att diskutera den fredsplan som togs fram av Ukraina tillsammans med europeiska ledare. <\/p>\n<p>Samtalen om att f\u00e5 ett slut p\u00e5 Rysslands krig i Ukraina befinner sig i \u201dslutfasen\u201d, sade Donald Trump innan ledarna steg in till m\u00f6tet. <\/p>\n<p>\u2013 Det kommer att bli ett s\u00e4kerhetsavtal, sade Trump. <\/p>\n<p>Efter\u00e5t h\u00f6ll presidenterna presstr\u00e4ff. En stor fr\u00e5ga inf\u00f6r m\u00f6tet var amerikanska s\u00e4kerhetsgarantier f\u00f6r Ukraina. Det \u00e4r n\u00e5got som ska vara 100 procent \u00f6verenskommet, s\u00e4ger Zelenskyj p\u00e5 presstr\u00e4ffen. Donald Trump h\u00e4vdar d\u00e4remot att det bara \u00e4r \u00f6verenskommet till 95 procent. <\/p>\n<p>\u2013 Det har varit en bra diskussion med president Donald Trump d\u00e4r vi har g\u00e5tt igenom alla aspekter i fredsplanen, s\u00e4ger Zelenskyj. <\/p>\n<p>\u2013 Vi har en eller tv\u00e5 kniviga fr\u00e5gor att l\u00f6sa men jag tycker att vi g\u00f6r bra ifr\u00e5n oss, s\u00e4ger Trump.<\/p>\n<p>\u201dIngenting som \u00e4r klart\u201d<\/p>\n<p>Enligt SVT:s utrikesreporter Bert Sundstr\u00f6m \u00e4r mycket fortfarande oklart, och samtalen kommer f\u00f6rmodligen att forts\u00e4tta. <\/p>\n<p>\u2013 Donald Trump s\u00e4ger ingenting som \u00e4r klart. Han s\u00e4ger till exempel att det kommer bli s\u00e4kerhetsgarantier till Ukraina, men hur de ska se ut och vem som kommer att st\u00e5 f\u00f6r dem s\u00e4ger han ingenting om, s\u00e4ger Bert Sundstr\u00f6m. <\/p>\n<p>20-punktsplan<\/p>\n<p>N\u00e4r Trumps fredsplan f\u00f6rst presenterades i slutet av november, d\u00e5 med 28 punkter, m\u00f6ttes den av skarp kritik fr\u00e5n b\u00e5de europeiska ledare och experter, som ans\u00e5g att f\u00f6rslaget i huvudsak gynnade Ryssland.<\/p>\n<p>Ryssland har d\u00e4refter avvisat de nya utkasten och har inte velat kompromissa kring sina ursprungliga krav, d\u00e4ribland att hela Donbas ska bli ryskt territorium \u2013 \u00e4ven de delar som fortfarande kontrolleras av Ukraina.<\/p>\n<p>Under de senaste veckorna har Trumps fredsplan f\u00f6r Ukraina omarbetats f\u00f6r att komma n\u00e4rmare Ukrainas krav. <\/p>\n<p>Samtalen innan och under m\u00f6tet<\/p>\n<p>Innan m\u00f6tet med Zelenskyj pratade Trump i telefon med Rysslands president Putin i tv\u00e5 och en halv timme. Och under m\u00f6tet ringde Zelenskyj och Trump upp flera europeiska ledare i ett samtal som varade i \u00f6ver en timme.<\/p>\n<p>\u201dDet gjordes goda framsteg, vilket vi v\u00e4lkomnade.<\/p>\n<p>Europa \u00e4r redo att forts\u00e4tta arbeta med Ukraina och v\u00e5ra amerikanska partners f\u00f6r att bef\u00e4sta dessa framsteg.<\/p>\n<p>Avg\u00f6rande f\u00f6r denna anstr\u00e4ngning \u00e4r att ha orubbliga s\u00e4kerhetsgarantier fr\u00e5n dag ett\u201d, skriver EU-kommissionens ordf\u00f6rande Ursula von der Leyen p\u00e5 X efter\u00e5t.<\/p>\n","protected":false},"excerpt":{"rendered":"Vid 19.30 svensk tid anl\u00e4nde Zelenskyj till Trumps Mar-a-Lago f\u00f6r att diskutera den fredsplan som togs fram av&hellip;\n","protected":false},"author":2,"featured_media":120114,"comment_status":"","ping_status":"","sticky":false,"template":"","format":"standard","meta":{"footnotes":""},"categories":[14],"tags":[22,23,26,27,17,21,24,25,28,29,15,16,18,34,31,33,32,30,19,20,51,52,53,54],"class_list":{"0":"post-120113","1":"post","2":"type-post","3":"status-publish","4":"format-standard","5":"has-post-thumbnail","7":"category-varlden","8":"tag-breaking-news","9":"tag-breakingnews","10":"tag-featured-news","11":"tag-featurednews","12":"tag-headlines","13":"tag-huvudnyheter","14":"tag-latest-news","15":"tag-latestnews","16":"tag-main-news","17":"tag-mainnews","18":"tag-news","19":"tag-nyheter","20":"tag-rubriker","21":"tag-se","22":"tag-svenska","23":"tag-sverige","24":"tag-sweden","25":"tag-swedish","26":"tag-top-stories","27":"tag-topstories","28":"tag-varlden","29":"tag-world","30":"tag-world-news","31":"tag-worldnews"},"share_on_mastodon":{"url":"https:\/\/pubeurope.com\/@se\/115804267021545263","error":""},"_links":{"self":[{"href":"https:\/\/www.europesays.com\/se\/wp-json\/wp\/v2\/posts\/120113","targetHints":{"allow":["GET"]}}],"collection":[{"href":"https:\/\/www.europesays.com\/se\/wp-json\/wp\/v2\/posts"}],"about":[{"href":"https:\/\/www.europesays.com\/se\/wp-json\/wp\/v2\/types\/post"}],"author":[{"embeddable":true,"href":"https:\/\/www.europesays.com\/se\/wp-json\/wp\/v2\/users\/2"}],"replies":[{"embeddable":true,"href":"https:\/\/www.europesays.com\/se\/wp-json\/wp\/v2\/comments?post=120113"}],"version-history":[{"count":0,"href":"https:\/\/www.europesays.com\/se\/wp-json\/wp\/v2\/posts\/120113\/revisions"}],"wp:featuredmedia":[{"embeddable":true,"href":"https:\/\/www.europesays.com\/se\/wp-json\/wp\/v2\/media\/120114"}],"wp:attachment":[{"href":"https:\/\/www.europesays.com\/se\/wp-json\/wp\/v2\/media?parent=120113"}],"wp:term":[{"taxonomy":"category","embeddable":true,"href":"https:\/\/www.europesays.com\/se\/wp-json\/wp\/v2\/categories?post=120113"},{"taxonomy":"post_tag","embeddable":true,"href":"https:\/\/www.europesays.com\/se\/wp-json\/wp\/v2\/tags?post=120113"}],"curies":[{"name":"wp","href":"https:\/\/api.w.org\/{rel}","templated":true}]}}