{"id":120115,"date":"2025-12-29T18:28:26","date_gmt":"2025-12-29T18:28:26","guid":{"rendered":"https:\/\/www.europesays.com\/se\/120115\/"},"modified":"2025-12-29T18:28:26","modified_gmt":"2025-12-29T18:28:26","slug":"brigitte-bardot-ar-dod-djurrattsaktivist-och-filmikon","status":"publish","type":"post","link":"https:\/\/www.europesays.com\/se\/120115\/","title":{"rendered":"Brigitte Bardot \u00e4r d\u00f6d \u2013 djurr\u00e4ttsaktivist och filmikon"},"content":{"rendered":"<p>\n                    Birgitte Bardot p\u00e5 kylaren till sin nya Cavarelle S-bil tillsammans med sin favorittax och i filmen A private affair. Foto: TT\/Wickimedia\n            <\/p>\n<p class=\"article__sublead\">Brigitte Bardot blev k\u00e4nd som filmikon, s\u00e5ngare, modell \u2013 och djurr\u00e4ttsaktivist. Men ocks\u00e5 f\u00f6r sina h\u00e4tska uttalanden om judar, homosexuella och invandrare. Under s\u00f6ndagen gick hon ur tiden, 91 \u00e5r gammal.\u00a0<\/p>\n<p class=\"article__paragraph\">Brigitte Bardot har d\u00f6tt meddelade hennes egen stiftelse under s\u00f6ndagen. Genom sin medverkan i \u00f6ver 50 filmer gjorde hon sig ett namn som en filmikon och \u201dsymbol f\u00f6r kvinnors frig\u00f6relse och sexuell frihet\u201d, skriver <a href=\"https:\/\/www.franceinfo.fr\/culture\/cinema\/brigitte-bardot\/mort-de-brigitte-bardot-la-ligue-des-animaux-salue-la-determination-et-l-engagement-sans-faille-de-l-actrice-devenue-militante_7706794.html\" data-type=\"link\" data-id=\"https:\/\/www.franceinfo.fr\/culture\/cinema\/brigitte-bardot\/mort-de-brigitte-bardot-la-ligue-des-animaux-salue-la-determination-et-l-engagement-sans-faille-de-l-actrice-devenue-militante_7706794.html\" target=\"_blank\" rel=\"noopener nofollow\">France info<\/a>. Men 1973, fr\u00e5n en dag till en annan, gav hon upp sin sk\u00e5despelarkarri\u00e4r, \u201dtr\u00f6tt p\u00e5 att vara vacker varje dag\u201d. Upprinnelsen var en liten get som var med under en filminspelning och som visade sig vara \u00e4mnad f\u00f6r en grillning. F\u00f6rskr\u00e4ckt k\u00f6pte Bardot djuret \u2013 en h\u00e4ndelse som hon senare sa hade f\u00e5tt henne att \u00f6verge sk\u00e5despeleriet f\u00f6r att ist\u00e4llet \u00e4gna sig \u00e5t djurr\u00e4ttskampanjer. Det gjorde hon ocks\u00e5 helhj\u00e4rtat och 1986 s\u00e5lde hon m\u00e5nga av sina \u00e4godelar och hj\u00e4lpte till att finansiera Brigitte Bardot Foundation, som \u00e4n i dag \u00e4r en av Frankrikes mest inflytelserika djurr\u00e4ttsorganisationer.<\/p>\n<p class=\"article__paragraph\">\u2013 N\u00e4r jag gjorde film uppt\u00e4ckte jag att det var skillnad mellan att \u00e4lska djur och att k\u00e4mpa f\u00f6r dem \u2013 och jag hade inte tid att k\u00e4mpa f\u00f6r dem. Det var d\u00e4rf\u00f6r jag gav upp film. Jag slutade g\u00f6ra film f\u00f6r att ta hand om djur, s\u00e4ger hon i en intervju med <a href=\"https:\/\/www.nytimes.com\/1994\/03\/30\/garden\/drinking-champagne-with-brigitte-bardot-and-god-created-an-animal-lover.html\" data-type=\"link\" data-id=\"https:\/\/www.nytimes.com\/1994\/03\/30\/garden\/drinking-champagne-with-brigitte-bardot-and-god-created-an-animal-lover.html\" target=\"_blank\" rel=\"noopener nofollow\">New York Times 1994<\/a>.\u00a0<\/p>\n<p class=\"article__paragraph\">I samband med julen 2018 skrev hon ett <a href=\"https:\/\/tidningensyre.se\/2025\/11-oktober-2025\/75-000-laxar-rymde-fran-laxodling\/\" data-type=\"link\" data-id=\"https:\/\/tidningensyre.se\/2025\/11-oktober-2025\/75-000-laxar-rymde-fran-laxodling\/\" rel=\"nofollow noopener\" target=\"_blank\">\u00f6ppet brev <\/a>till Frankrikes president Emmanuel Macron d\u00e4r hon anklagade honom f\u00f6r att ha negligerat djurr\u00e4ttsfr\u00e5gorna.<\/p>\n<p class=\"article__paragraph\">\u201dFrankrike blir som ett n\u00f6jesf\u00e4lt f\u00f6r utrotning av djur, och ingen bryr sig om det\u201d, konstaterar hon bittert och fortsatte, \u201ddetta \u00e4r en skam f\u00f6r Frankrike\u201d, varp\u00e5 hon framf\u00f6rde att alla borde kunna se via video vad som sker i slakthusen under \u201dskamligt barbariska och skr\u00e4ckfyllda omst\u00e4ndigheter\u201d.<\/p>\n<p>F\u00e4lldes f\u00f6r hets mot folkgrupp<\/p>\n<p class=\"article__paragraph\">Men hon var ocks\u00e5 en omtvistad figur i samh\u00e4llsdebatten \u2013 och blev alltmer h\u00f6gerlutande. Efter neds\u00e4ttande kommentarer om HBTQ+-gruppen, muslimer och invandrare, f\u00e4lldes hon f\u00f6r hets mot folkgrupp vid fem tillf\u00e4llen, skriver <a href=\"https:\/\/www.france24.com\/en\/live-news\/20251228-french-cinema-icon-brigitte-bardot-dead-at-91\" data-type=\"link\" data-id=\"https:\/\/www.france24.com\/en\/live-news\/20251228-french-cinema-icon-brigitte-bardot-dead-at-91\" target=\"_blank\" rel=\"noopener nofollow\">France 24<\/a>. Tidigare i \u00e5r uttryckte hon sitt st\u00f6d f\u00f6r G\u00e9rard Depardieu och Nicolas Bedos, som b\u00e5da har d\u00f6mts f\u00f6r sexuella \u00f6vergrepp, skriver <a href=\"https:\/\/www.nytimes.com\/2025\/12\/28\/arts\/brigitte-bardot-movies-songs-animal-rights.html\" data-type=\"link\" data-id=\"https:\/\/www.nytimes.com\/2025\/12\/28\/arts\/brigitte-bardot-movies-songs-animal-rights.html\" target=\"_blank\" rel=\"noopener nofollow\">New York Times<\/a>.\u00a0<\/p>\n<p class=\"article__paragraph\">2003 sl\u00e4ppte hon boken Un cri dans le silence \u2013 Ett skrik i det tysta. <a href=\"https:\/\/expo.se\/nyhet\/brigitte-bardot-antisemit-islamofob-och-homofob\/\" data-type=\"link\" data-id=\"https:\/\/expo.se\/nyhet\/brigitte-bardot-antisemit-islamofob-och-homofob\/\" target=\"_blank\" rel=\"noopener nofollow\">Tidningen Expo <\/a>beskriver den som fylld med \u201df\u00f6rvirrade rasistiska uttalanden och angrepp p\u00e5 muslimer, judar, homosexuella\u201d.\u00a0<\/p>\n<p class=\"article__paragraph\">Frankrikes presiden Emmanuel Macron <a href=\"https:\/\/x.com\/EmmanuelMacron\/status\/2005225451707617285\" data-type=\"link\" data-id=\"https:\/\/x.com\/EmmanuelMacron\/status\/2005225451707617285\" rel=\"nofollow\">skriver p\u00e5 X<\/a>, \u201dHennes filmer, hennes r\u00f6st, hennes bl\u00e4ndande ber\u00f6mmelse, hennes initialer, hennes sorger, hennes gener\u00f6sa passion f\u00f6r djur, hennes ansikte som blev Marianne \u2013 Brigitte Bardot f\u00f6rkroppsligade ett liv i frihet. En fransk existens, en universell utstr\u00e5lning. Hon ber\u00f6rde oss. Vi s\u00f6rjer en legend fr\u00e5n \u00e5rhundradet\u201d.<\/p>\n","protected":false},"excerpt":{"rendered":"Birgitte Bardot p\u00e5 kylaren till sin nya Cavarelle S-bil tillsammans med sin favorittax och i filmen A private&hellip;\n","protected":false},"author":2,"featured_media":120116,"comment_status":"","ping_status":"","sticky":false,"template":"","format":"standard","meta":{"footnotes":""},"categories":[5],"tags":[22,23,26,27,17,21,24,25,28,29,15,16,18,34,31,33,32,30,19,20],"class_list":{"0":"post-120115","1":"post","2":"type-post","3":"status-publish","4":"format-standard","5":"has-post-thumbnail","7":"category-rubriker","8":"tag-breaking-news","9":"tag-breakingnews","10":"tag-featured-news","11":"tag-featurednews","12":"tag-headlines","13":"tag-huvudnyheter","14":"tag-latest-news","15":"tag-latestnews","16":"tag-main-news","17":"tag-mainnews","18":"tag-news","19":"tag-nyheter","20":"tag-rubriker","21":"tag-se","22":"tag-svenska","23":"tag-sverige","24":"tag-sweden","25":"tag-swedish","26":"tag-top-stories","27":"tag-topstories"},"share_on_mastodon":{"url":"https:\/\/pubeurope.com\/@se\/115804274870216529","error":""},"_links":{"self":[{"href":"https:\/\/www.europesays.com\/se\/wp-json\/wp\/v2\/posts\/120115","targetHints":{"allow":["GET"]}}],"collection":[{"href":"https:\/\/www.europesays.com\/se\/wp-json\/wp\/v2\/posts"}],"about":[{"href":"https:\/\/www.europesays.com\/se\/wp-json\/wp\/v2\/types\/post"}],"author":[{"embeddable":true,"href":"https:\/\/www.europesays.com\/se\/wp-json\/wp\/v2\/users\/2"}],"replies":[{"embeddable":true,"href":"https:\/\/www.europesays.com\/se\/wp-json\/wp\/v2\/comments?post=120115"}],"version-history":[{"count":0,"href":"https:\/\/www.europesays.com\/se\/wp-json\/wp\/v2\/posts\/120115\/revisions"}],"wp:featuredmedia":[{"embeddable":true,"href":"https:\/\/www.europesays.com\/se\/wp-json\/wp\/v2\/media\/120116"}],"wp:attachment":[{"href":"https:\/\/www.europesays.com\/se\/wp-json\/wp\/v2\/media?parent=120115"}],"wp:term":[{"taxonomy":"category","embeddable":true,"href":"https:\/\/www.europesays.com\/se\/wp-json\/wp\/v2\/categories?post=120115"},{"taxonomy":"post_tag","embeddable":true,"href":"https:\/\/www.europesays.com\/se\/wp-json\/wp\/v2\/tags?post=120115"}],"curies":[{"name":"wp","href":"https:\/\/api.w.org\/{rel}","templated":true}]}}