{"id":120119,"date":"2025-12-29T18:33:58","date_gmt":"2025-12-29T18:33:58","guid":{"rendered":"https:\/\/www.europesays.com\/se\/120119\/"},"modified":"2025-12-29T18:33:58","modified_gmt":"2025-12-29T18:33:58","slug":"forsvarsaktier-backar-efter-fredssamtalen-om-ukraina","status":"publish","type":"post","link":"https:\/\/www.europesays.com\/se\/120119\/","title":{"rendered":"F\u00f6rsvarsaktier backar efter fredssamtalen om Ukraina"},"content":{"rendered":"<p>Saab och flera andra europeiska f\u00f6rsvarsj\u00e4ttar backar efter fredssamtalen mellan Trump och Zelenskyj.<\/p>\n<p>Ur arkivet: Zelenskyj bes\u00f6ker Saab \u2013 vill k\u00f6pa Jas-plan<img   alt=\"\"\/><\/p>\n<p>Zelenskyj och Trump m\u00f6ttes under s\u00f6ndagen.<\/p>\n<p>Foto: ABACA \/ STELLA PICTURES<\/p>\n<p>\u00d6ppna bild i helsk\u00e4rm<\/p>\n<p>Den europeiska f\u00f6rsvarsbranschen som helhet backar med som mest 2,8 procent, enligt ett index fr\u00e5n investmentbanken Goldman Sachs.<\/p>\n<p>F\u00f6rsvarskoncernen <a href=\"https:\/\/www.expressen.se\/tagg\/organization\/saab\/\" class=\"\" rel=\"nofollow noopener\" target=\"_blank\">Saab<\/a> \u00e4r ned med 2,3 procent p\u00e5 m\u00e5ndagsf\u00f6rmiddagen och tyska f\u00f6rsvarsj\u00e4tten Rheinmetall backar med 2,8 procent.<\/p>\n<p>Nedg\u00e5ngen kommer efter att USA:s president Donald Trump lovordat de framsteg som han menar har skett i samtal med Ukrainas Volodymyr Zelenskyj om ett eventuellt fredsavtal.\u00a0<\/p>\n","protected":false},"excerpt":{"rendered":"Saab och flera andra europeiska f\u00f6rsvarsj\u00e4ttar backar efter fredssamtalen mellan Trump och Zelenskyj. Ur arkivet: Zelenskyj bes\u00f6ker Saab&hellip;\n","protected":false},"author":2,"featured_media":120120,"comment_status":"","ping_status":"","sticky":false,"template":"","format":"standard","meta":{"footnotes":""},"categories":[65],"tags":[72,70,71,274,202,45,276,410,34,31,33,32,30,60],"class_list":{"0":"post-120119","1":"post","2":"type-post","3":"status-publish","4":"format-standard","5":"has-post-thumbnail","7":"category-ekonomi","8":"tag-business","9":"tag-economy","10":"tag-ekonomi","11":"tag-location-ryssland","12":"tag-location-ukraina","13":"tag-location-usa","14":"tag-newsstory-kriget-i-ukraina","15":"tag-organization-saab","16":"tag-se","17":"tag-svenska","18":"tag-sverige","19":"tag-sweden","20":"tag-swedish","21":"tag-topic-krig-konflikt"},"share_on_mastodon":{"url":"https:\/\/pubeurope.com\/@se\/115804298465570883","error":""},"_links":{"self":[{"href":"https:\/\/www.europesays.com\/se\/wp-json\/wp\/v2\/posts\/120119","targetHints":{"allow":["GET"]}}],"collection":[{"href":"https:\/\/www.europesays.com\/se\/wp-json\/wp\/v2\/posts"}],"about":[{"href":"https:\/\/www.europesays.com\/se\/wp-json\/wp\/v2\/types\/post"}],"author":[{"embeddable":true,"href":"https:\/\/www.europesays.com\/se\/wp-json\/wp\/v2\/users\/2"}],"replies":[{"embeddable":true,"href":"https:\/\/www.europesays.com\/se\/wp-json\/wp\/v2\/comments?post=120119"}],"version-history":[{"count":0,"href":"https:\/\/www.europesays.com\/se\/wp-json\/wp\/v2\/posts\/120119\/revisions"}],"wp:featuredmedia":[{"embeddable":true,"href":"https:\/\/www.europesays.com\/se\/wp-json\/wp\/v2\/media\/120120"}],"wp:attachment":[{"href":"https:\/\/www.europesays.com\/se\/wp-json\/wp\/v2\/media?parent=120119"}],"wp:term":[{"taxonomy":"category","embeddable":true,"href":"https:\/\/www.europesays.com\/se\/wp-json\/wp\/v2\/categories?post=120119"},{"taxonomy":"post_tag","embeddable":true,"href":"https:\/\/www.europesays.com\/se\/wp-json\/wp\/v2\/tags?post=120119"}],"curies":[{"name":"wp","href":"https:\/\/api.w.org\/{rel}","templated":true}]}}