{"id":120121,"date":"2025-12-29T18:36:13","date_gmt":"2025-12-29T18:36:13","guid":{"rendered":"https:\/\/www.europesays.com\/se\/120121\/"},"modified":"2025-12-29T18:36:13","modified_gmt":"2025-12-29T18:36:13","slug":"det-tacks-inte-av-forsakringen-efter-stormen","status":"publish","type":"post","link":"https:\/\/www.europesays.com\/se\/120121\/","title":{"rendered":"Det t\u00e4cks inte av f\u00f6rs\u00e4kringen efter stormen"},"content":{"rendered":"<p>Tusentals hush\u00e5ll i norra och mellersta Sverige har drabbats av h\u00e5rda vindar som kn\u00e4ckt tr\u00e4d som klippt elkablar till h\u00f6ger och v\u00e4nster, med utdragna str\u00f6mavbrott som f\u00f6ljd.<\/p>\n<p>Tack och lov f\u00f6r de drabbade hush\u00e5llen t\u00e4cks n\u00e4stan alla uppkomna skador av hemf\u00f6rs\u00e4kringen, eller villa- och fritidshusf\u00f6rs\u00e4kringen, f\u00f6rklarar juristen och f\u00f6rs\u00e4kringsexperten Peter Stark p\u00e5 Konsumenternas F\u00f6rs\u00e4kringsbyr\u00e5.<\/p>\n","protected":false},"excerpt":{"rendered":"Tusentals hush\u00e5ll i norra och mellersta Sverige har drabbats av h\u00e5rda vindar som kn\u00e4ckt tr\u00e4d som klippt elkablar&hellip;\n","protected":false},"author":2,"featured_media":120122,"comment_status":"","ping_status":"","sticky":false,"template":"","format":"standard","meta":{"footnotes":""},"categories":[12],"tags":[22,23,26,27,17,21,24,25,28,29,15,16,18,34,31,33,32,30,19,20],"class_list":{"0":"post-120121","1":"post","2":"type-post","3":"status-publish","4":"format-standard","5":"has-post-thumbnail","7":"category-sverige","8":"tag-breaking-news","9":"tag-breakingnews","10":"tag-featured-news","11":"tag-featurednews","12":"tag-headlines","13":"tag-huvudnyheter","14":"tag-latest-news","15":"tag-latestnews","16":"tag-main-news","17":"tag-mainnews","18":"tag-news","19":"tag-nyheter","20":"tag-rubriker","21":"tag-se","22":"tag-svenska","23":"tag-sverige","24":"tag-sweden","25":"tag-swedish","26":"tag-top-stories","27":"tag-topstories"},"share_on_mastodon":{"url":"https:\/\/pubeurope.com\/@se\/115804306407798137","error":""},"_links":{"self":[{"href":"https:\/\/www.europesays.com\/se\/wp-json\/wp\/v2\/posts\/120121","targetHints":{"allow":["GET"]}}],"collection":[{"href":"https:\/\/www.europesays.com\/se\/wp-json\/wp\/v2\/posts"}],"about":[{"href":"https:\/\/www.europesays.com\/se\/wp-json\/wp\/v2\/types\/post"}],"author":[{"embeddable":true,"href":"https:\/\/www.europesays.com\/se\/wp-json\/wp\/v2\/users\/2"}],"replies":[{"embeddable":true,"href":"https:\/\/www.europesays.com\/se\/wp-json\/wp\/v2\/comments?post=120121"}],"version-history":[{"count":0,"href":"https:\/\/www.europesays.com\/se\/wp-json\/wp\/v2\/posts\/120121\/revisions"}],"wp:featuredmedia":[{"embeddable":true,"href":"https:\/\/www.europesays.com\/se\/wp-json\/wp\/v2\/media\/120122"}],"wp:attachment":[{"href":"https:\/\/www.europesays.com\/se\/wp-json\/wp\/v2\/media?parent=120121"}],"wp:term":[{"taxonomy":"category","embeddable":true,"href":"https:\/\/www.europesays.com\/se\/wp-json\/wp\/v2\/categories?post=120121"},{"taxonomy":"post_tag","embeddable":true,"href":"https:\/\/www.europesays.com\/se\/wp-json\/wp\/v2\/tags?post=120121"}],"curies":[{"name":"wp","href":"https:\/\/api.w.org\/{rel}","templated":true}]}}