{"id":120123,"date":"2025-12-29T18:37:08","date_gmt":"2025-12-29T18:37:08","guid":{"rendered":"https:\/\/www.europesays.com\/se\/120123\/"},"modified":"2025-12-29T18:37:08","modified_gmt":"2025-12-29T18:37:08","slug":"kina-vantas-peta-japan-fran-tronen-saljer-flest-bilar","status":"publish","type":"post","link":"https:\/\/www.europesays.com\/se\/120123\/","title":{"rendered":"Kina v\u00e4ntas peta Japan fr\u00e5n tronen \u2013 s\u00e4ljer flest bilar"},"content":{"rendered":"<p>Kina ser ut att ta \u00f6ver tronen fr\u00e5n Japan i antalet s\u00e5lda nya bilar under 2025. Det rapporterar Nikkei Asia, som g\u00e5tt igenom s\u00e4ljsiffror mellan januari och november i \u00e5r.<\/p>\n<p>Det blir i s\u00e5 fall f\u00f6rsta g\u00e5ngen n\u00e5gonsin kinesiska bilm\u00e4rken toppar listan \u00f6ver flest s\u00e5lda bilar, konstaterar tidningen.<\/p>\n<p>Kina v\u00e4ntas s\u00e4lja 27 miljoner bilar i \u00e5r. Japan som toppat listan i \u00f6ver tv\u00e5 decennier v\u00e4ntas ligga kvar p\u00e5 runt 25 miljoner fordon.<\/p>\n<p>Siffrorna g\u00e4ller kommersiella fordon och omfattar s\u00e5v\u00e4l inhemsk f\u00f6rs\u00e4ljning som export. F\u00f6rs\u00e4ljningen har tillskrivits l\u00e4nder utifr\u00e5n bolagens \u00e4garstruktur. I de fall d\u00e4r joint venture-bolag \u00e4gs till 50 procent vardera har Nikkei kopplat tillverkningslandet till det varum\u00e4rke som anv\u00e4ndes vid f\u00f6rs\u00e4ljningen.<\/p>\n<p>Omni \u00e4r politiskt obundna och oberoende. Vi str\u00e4var efter att ge fler perspektiv p\u00e5 nyheterna. Har du fr\u00e5gor eller synpunkter kring v\u00e5r rapportering? <a href=\"https:\/\/omni.se\/kina-vantas-peta-japan-fran-tronen-saljer-flest-bilar-i-ar\/a\/mailto:redaktion@omni.se\" class=\"ArticleActions_contactLink__W2F1M\" rel=\"nofollow noopener\" target=\"_blank\">Kontakta redaktionen<\/a><\/p>\n","protected":false},"excerpt":{"rendered":"Kina ser ut att ta \u00f6ver tronen fr\u00e5n Japan i antalet s\u00e5lda nya bilar under 2025. Det rapporterar&hellip;\n","protected":false},"author":2,"featured_media":120124,"comment_status":"","ping_status":"","sticky":false,"template":"","format":"standard","meta":{"footnotes":""},"categories":[5],"tags":[420,22,23,26,27,2609,17,21,2865,549,24,25,28,29,324,15,16,18,34,31,33,32,30,19,20],"class_list":{"0":"post-120123","1":"post","2":"type-post","3":"status-publish","4":"format-standard","5":"has-post-thumbnail","7":"category-rubriker","8":"tag-asien","9":"tag-breaking-news","10":"tag-breakingnews","11":"tag-featured-news","12":"tag-featurednews","13":"tag-fordonsindustri","14":"tag-headlines","15":"tag-huvudnyheter","16":"tag-japan","17":"tag-kina","18":"tag-latest-news","19":"tag-latestnews","20":"tag-main-news","21":"tag-mainnews","22":"tag-makroekonomi","23":"tag-news","24":"tag-nyheter","25":"tag-rubriker","26":"tag-se","27":"tag-svenska","28":"tag-sverige","29":"tag-sweden","30":"tag-swedish","31":"tag-top-stories","32":"tag-topstories"},"share_on_mastodon":{"url":"https:\/\/pubeurope.com\/@se\/115804310274613869","error":""},"_links":{"self":[{"href":"https:\/\/www.europesays.com\/se\/wp-json\/wp\/v2\/posts\/120123","targetHints":{"allow":["GET"]}}],"collection":[{"href":"https:\/\/www.europesays.com\/se\/wp-json\/wp\/v2\/posts"}],"about":[{"href":"https:\/\/www.europesays.com\/se\/wp-json\/wp\/v2\/types\/post"}],"author":[{"embeddable":true,"href":"https:\/\/www.europesays.com\/se\/wp-json\/wp\/v2\/users\/2"}],"replies":[{"embeddable":true,"href":"https:\/\/www.europesays.com\/se\/wp-json\/wp\/v2\/comments?post=120123"}],"version-history":[{"count":0,"href":"https:\/\/www.europesays.com\/se\/wp-json\/wp\/v2\/posts\/120123\/revisions"}],"wp:featuredmedia":[{"embeddable":true,"href":"https:\/\/www.europesays.com\/se\/wp-json\/wp\/v2\/media\/120124"}],"wp:attachment":[{"href":"https:\/\/www.europesays.com\/se\/wp-json\/wp\/v2\/media?parent=120123"}],"wp:term":[{"taxonomy":"category","embeddable":true,"href":"https:\/\/www.europesays.com\/se\/wp-json\/wp\/v2\/categories?post=120123"},{"taxonomy":"post_tag","embeddable":true,"href":"https:\/\/www.europesays.com\/se\/wp-json\/wp\/v2\/tags?post=120123"}],"curies":[{"name":"wp","href":"https:\/\/api.w.org\/{rel}","templated":true}]}}