{"id":120130,"date":"2025-12-29T18:45:14","date_gmt":"2025-12-29T18:45:14","guid":{"rendered":"https:\/\/www.europesays.com\/se\/120130\/"},"modified":"2025-12-29T18:45:14","modified_gmt":"2025-12-29T18:45:14","slug":"misstankta-mannen-var-i-kvinnans-bostad-i-flera-timmar","status":"publish","type":"post","link":"https:\/\/www.europesays.com\/se\/120130\/","title":{"rendered":"Misst\u00e4nkta mannen var i kvinnans bostad i flera timmar"},"content":{"rendered":"<p>Klockan halv nio p\u00e5 juldagsmorgonen ringde en man i 20-\u00e5rs\u00e5ldern p\u00e5 hemma hos en kvinna i 55-\u00e5rs\u00e5ldern i Boden. Hemma hos kvinnan var hennes ton\u00e5rsdotter. De efterf\u00f6ljande timmarna utsattes kvinnan f\u00f6r omfattande v\u00e5ld enligt polisen. \u00c4ven dottern skadas och ska ha hindrats att l\u00e4mna bostaden. N\u00e4r kvinnans andra ton\u00e5rsdotter kommer till bostaden strax innan tolv uts\u00e4tts \u00e4ven hon f\u00f6r v\u00e5ld.<\/p>\n<p><strong>Strax efter klockan tolv<\/strong> tillkallas polisen till platsen.<\/p>\n<p>\u2013 N\u00e4r polisen g\u00e5r in i bostaden hittar de en 55-\u00e5rig kvinna d\u00f6d och en sv\u00e5rt skadad ton\u00e5rsdotter. Plus ytterligare en ton\u00e5rsdotter som har mindre skador. Kvar p\u00e5 platsen finns \u00e4ven g\u00e4rningsmannen, s\u00e4ger P-O Andersson, kriminalkommissarie vid polisen i Lule\u00e5.<\/p>\n<p>Enligt P-O Andersson uppst\u00e5r en \u201dextrem situation p\u00e5 platsen\u201d vilket g\u00f6r att polisen anv\u00e4nder sitt tj\u00e4nstevapen.<\/p>\n<p>\u2013 I samband med att polisen g\u00e5r in blir det en situation d\u00e4r g\u00e4rningsmannen och polis konfronteras. Polisen blir tvungen att anv\u00e4nda sitt tj\u00e4nstevapen.<\/p>\n<p>          <img decoding=\"async\" class=\"picture__img\" src=\"https:\/\/www.europesays.com\/se\/wp-content\/uploads\/2025\/12\/7a26d921-3103-4c96-911f-41f16e2d6981.jpeg\"   alt=\"Polisen kallar h\u00e4ndelsen f\u00f6r ett \u201dvansinnesd\u00e5d\u201d och s\u00e4ger att det inte finns n\u00e5gon koppling till offren.\"\/><\/p>\n<p>      Polisen kallar h\u00e4ndelsen f\u00f6r ett \u201dvansinnesd\u00e5d\u201d och s\u00e4ger att det inte finns n\u00e5gon koppling till offren.<\/p>\n<p>      Foto: Mats Engfors\/TT<\/p>\n<p><strong>Vem var det som larmade polisen?<\/strong><\/p>\n<p>\u2013 Jag kan inte s\u00e4ga mer \u00e4n att det har larmats fr\u00e5n bostaden.<\/p>\n<p><strong>Kom han till platsen bev\u00e4pnad?<\/strong><\/p>\n<p><strong>\u2013<\/strong> Jag kan inte s\u00e4ga n\u00e5got om det i nul\u00e4get, det \u00e4r n\u00e5got som vi fortfarande utreder.<\/p>\n<p>Ang\u00e5ende motiv till d\u00e5det \u00e4r fortfarande \u201dh\u00f6ljt i dunkel\u201d enligt P-O Andersson.<\/p>\n<p>\u2013 Vi ser inte att det finns n\u00e5gon koppling mellan g\u00e4rningsmannen och brottsoffren. Jag klassar det som ett vansinnesd\u00e5d just nu.<\/p>\n<p>Han s\u00e4ger att polisen under den kommande tiden kommer att kartl\u00e4gga mannen f\u00f6r att bland annat utreda ifall det kan finnas n\u00e5gra kopplingar till brottsoffren.<\/p>\n<p><strong>F\u00f6runders\u00f6kningsledaren<\/strong> tillika \u00e5klagaren Kristin Andersson s\u00e4ger i ett pressmeddelande att allt talar f\u00f6r att mannen har agerat ensam.<\/p>\n<p>\u201dJag vill understryka att det inte finns n\u00e5gon k\u00e4nd koppling mellan den misst\u00e4nkta g\u00e4rningsmannen och personerna i bostaden. Det f\u00f6refaller vara en isolerad h\u00e4ndelse som inte kan betecknas som annat \u00e4n ett vansinnesd\u00e5d.\u201d<\/p>\n<p>Mannen i 20-\u00e5rs\u00e5ldern \u00e4r k\u00e4nd av polisen sedan tidigare. Men vad det r\u00f6r sig om vill inte, P-O Andersson g\u00e5 in p\u00e5.<\/p>\n<p>\u2013 Vi har g\u00e5tt ut med att det finns en viss k\u00e4nnedom kring honom.<\/p>\n<p>En av den avlidna kvinnans d\u00f6ttrar har f\u00e5tt l\u00e4mna sjukhuset. Den andra dottern v\u00e5rdas fortfarande med allvarliga skador.<\/p>\n","protected":false},"excerpt":{"rendered":"Klockan halv nio p\u00e5 juldagsmorgonen ringde en man i 20-\u00e5rs\u00e5ldern p\u00e5 hemma hos en kvinna i 55-\u00e5rs\u00e5ldern i&hellip;\n","protected":false},"author":2,"featured_media":120131,"comment_status":"","ping_status":"","sticky":false,"template":"","format":"standard","meta":{"footnotes":""},"categories":[12],"tags":[22,23,26,27,17,21,24,25,28,29,15,16,18,34,31,33,32,30,19,20],"class_list":{"0":"post-120130","1":"post","2":"type-post","3":"status-publish","4":"format-standard","5":"has-post-thumbnail","7":"category-sverige","8":"tag-breaking-news","9":"tag-breakingnews","10":"tag-featured-news","11":"tag-featurednews","12":"tag-headlines","13":"tag-huvudnyheter","14":"tag-latest-news","15":"tag-latestnews","16":"tag-main-news","17":"tag-mainnews","18":"tag-news","19":"tag-nyheter","20":"tag-rubriker","21":"tag-se","22":"tag-svenska","23":"tag-sverige","24":"tag-sweden","25":"tag-swedish","26":"tag-top-stories","27":"tag-topstories"},"share_on_mastodon":{"url":"https:\/\/pubeurope.com\/@se\/115804341794076903","error":""},"_links":{"self":[{"href":"https:\/\/www.europesays.com\/se\/wp-json\/wp\/v2\/posts\/120130","targetHints":{"allow":["GET"]}}],"collection":[{"href":"https:\/\/www.europesays.com\/se\/wp-json\/wp\/v2\/posts"}],"about":[{"href":"https:\/\/www.europesays.com\/se\/wp-json\/wp\/v2\/types\/post"}],"author":[{"embeddable":true,"href":"https:\/\/www.europesays.com\/se\/wp-json\/wp\/v2\/users\/2"}],"replies":[{"embeddable":true,"href":"https:\/\/www.europesays.com\/se\/wp-json\/wp\/v2\/comments?post=120130"}],"version-history":[{"count":0,"href":"https:\/\/www.europesays.com\/se\/wp-json\/wp\/v2\/posts\/120130\/revisions"}],"wp:featuredmedia":[{"embeddable":true,"href":"https:\/\/www.europesays.com\/se\/wp-json\/wp\/v2\/media\/120131"}],"wp:attachment":[{"href":"https:\/\/www.europesays.com\/se\/wp-json\/wp\/v2\/media?parent=120130"}],"wp:term":[{"taxonomy":"category","embeddable":true,"href":"https:\/\/www.europesays.com\/se\/wp-json\/wp\/v2\/categories?post=120130"},{"taxonomy":"post_tag","embeddable":true,"href":"https:\/\/www.europesays.com\/se\/wp-json\/wp\/v2\/tags?post=120130"}],"curies":[{"name":"wp","href":"https:\/\/api.w.org\/{rel}","templated":true}]}}