{"id":120138,"date":"2025-12-29T18:55:13","date_gmt":"2025-12-29T18:55:13","guid":{"rendered":"https:\/\/www.europesays.com\/se\/120138\/"},"modified":"2025-12-29T18:55:13","modified_gmt":"2025-12-29T18:55:13","slug":"anthony-joshua-i-olycka-tva-personer-doda-boxning","status":"publish","type":"post","link":"https:\/\/www.europesays.com\/se\/120138\/","title":{"rendered":"Anthony Joshua i olycka \u2013 tv\u00e5 personer d\u00f6da | Boxning"},"content":{"rendered":"<p>Publicerad 29 dec 2025 kl 13.53Uppdaterad kl 17.57<\/p>\n<p>F\u00f6rre tungviktsm\u00e4staren i boxning Anthony Joshua, 36, har varit inblandad i en trafikolycka i Nigeria. Enligt lokalpolis har tv\u00e5 personer d\u00f6tt, medan Joshua undkommit med lindriga skador, <a href=\"https:\/\/www.bbc.com\/news\/live\/c1w9vgr243dt\" rel=\"nofollow noopener\" target=\"_blank\">skriver BBC<\/a>.<\/p>\n<p><img   alt=\"\"\/> <\/p>\n<p>Foto: DAX TAMARGO\/SHUTTERSTOCK \/ SHUTTERSTOCK EDITORIAL\/IBL<\/p>\n<p>\u00d6ppna bild i helsk\u00e4rm<img loading=\"lazy\"   alt=\"\"\/> <\/p>\n<p>Foto: Federal Road Safety Corps<\/p>\n<p>\u00d6ppna bild i helsk\u00e4rm<img loading=\"lazy\"   alt=\"\"\/> <\/p>\n<p>Foto: NICK POTTS \/ STELLA PICTURES \/ PA<\/p>\n<p>\u00d6ppna bild i helsk\u00e4rm<img loading=\"lazy\"   alt=\"\"\/>\u00d6ppna bild i helsk\u00e4rm<\/p>\n<p>Olyckan intr\u00e4ffade p\u00e5 en motorv\u00e4g mellan Lagos och delstaten Ogun, skriver BBC. V\u00e4gen kallas enligt kanalen f\u00f6r \u201den av de d\u00f6dligaste i landet.\u201d<\/p>\n<p>Rapporter till g\u00f6r g\u00e4llande att bilen Joshua f\u00e4rdades i krockade med en stillast\u00e5ende lastbil. Enligt ett vittne ska Joshua ha suttit i s\u00e4tet bakom f\u00f6raren.<\/p>\n<p>Lokalpolisen uppger \u00e4ven att f\u00f6raren k\u00f6rde \u00f6ver hastighetsbegr\u00e4nsningen och att kraschen intr\u00e4ffade under ett omk\u00f6rningsf\u00f6rs\u00f6k.\u00a0<\/p>\n<p>\u201dVi \u00e4r chockade\u201d<\/p>\n<p>Polis bekr\u00e4ftar att tv\u00e5 personer d\u00f6tt i samband med olyckan, att Joshua \u00e5dragit sig lindriga skador och att ytterligare tv\u00e5 personer undkommit oskadda.\u00a0<\/p>\n<p>\u2013 Vi \u00e4r chockade. Vi hoppas att han repar sig snabbt och vi ber f\u00f6r de avlidna att vila i frid, s\u00e4ger en av Joshuas sl\u00e4ktingar till BBC.<\/p>\n<p><a href=\"https:\/\/www.dailymail.co.uk\/news\/article-15419405\/Anthony-Joshua-injured-car-crash-Nigeria.html\" rel=\"nofollow noopener\" target=\"_blank\">Tidningen Daily Mail <\/a>skriver att videor som postats online ska visa vad som f\u00f6refaller vara den tidigare tungviktsm\u00e4staren sittandes i bar \u00f6verkropp vid en kraschad Lexus Jeep.<\/p>\n<p>I senare videor syns samma person sitta i frams\u00e4tet p\u00e5 ett uttryckningsfordon och prata med r\u00e4ddningspersonal.<\/p>\n","protected":false},"excerpt":{"rendered":"Publicerad 29 dec 2025 kl 13.53Uppdaterad kl 17.57 F\u00f6rre tungviktsm\u00e4staren i boxning Anthony Joshua, 36, har varit inblandad&hellip;\n","protected":false},"author":2,"featured_media":120139,"comment_status":"","ping_status":"","sticky":false,"template":"","format":"standard","meta":{"footnotes":""},"categories":[5],"tags":[22,23,26,27,17,21,24,25,28,29,15,16,12315,18,34,1330,31,33,32,30,19,20],"class_list":{"0":"post-120138","1":"post","2":"type-post","3":"status-publish","4":"format-standard","5":"has-post-thumbnail","7":"category-rubriker","8":"tag-breaking-news","9":"tag-breakingnews","10":"tag-featured-news","11":"tag-featurednews","12":"tag-headlines","13":"tag-huvudnyheter","14":"tag-latest-news","15":"tag-latestnews","16":"tag-main-news","17":"tag-mainnews","18":"tag-news","19":"tag-nyheter","20":"tag-person-anthony-joshua","21":"tag-rubriker","22":"tag-se","23":"tag-sections-boxning","24":"tag-svenska","25":"tag-sverige","26":"tag-sweden","27":"tag-swedish","28":"tag-top-stories","29":"tag-topstories"},"share_on_mastodon":{"url":"https:\/\/pubeurope.com\/@se\/115804381052247499","error":""},"_links":{"self":[{"href":"https:\/\/www.europesays.com\/se\/wp-json\/wp\/v2\/posts\/120138","targetHints":{"allow":["GET"]}}],"collection":[{"href":"https:\/\/www.europesays.com\/se\/wp-json\/wp\/v2\/posts"}],"about":[{"href":"https:\/\/www.europesays.com\/se\/wp-json\/wp\/v2\/types\/post"}],"author":[{"embeddable":true,"href":"https:\/\/www.europesays.com\/se\/wp-json\/wp\/v2\/users\/2"}],"replies":[{"embeddable":true,"href":"https:\/\/www.europesays.com\/se\/wp-json\/wp\/v2\/comments?post=120138"}],"version-history":[{"count":0,"href":"https:\/\/www.europesays.com\/se\/wp-json\/wp\/v2\/posts\/120138\/revisions"}],"wp:featuredmedia":[{"embeddable":true,"href":"https:\/\/www.europesays.com\/se\/wp-json\/wp\/v2\/media\/120139"}],"wp:attachment":[{"href":"https:\/\/www.europesays.com\/se\/wp-json\/wp\/v2\/media?parent=120138"}],"wp:term":[{"taxonomy":"category","embeddable":true,"href":"https:\/\/www.europesays.com\/se\/wp-json\/wp\/v2\/categories?post=120138"},{"taxonomy":"post_tag","embeddable":true,"href":"https:\/\/www.europesays.com\/se\/wp-json\/wp\/v2\/tags?post=120138"}],"curies":[{"name":"wp","href":"https:\/\/api.w.org\/{rel}","templated":true}]}}