{"id":120142,"date":"2025-12-29T19:02:24","date_gmt":"2025-12-29T19:02:24","guid":{"rendered":"https:\/\/www.europesays.com\/se\/120142\/"},"modified":"2025-12-29T19:02:24","modified_gmt":"2025-12-29T19:02:24","slug":"terrorister-som-slaktat-kristna-har-fatt-betala-dyrt","status":"publish","type":"post","link":"https:\/\/www.europesays.com\/se\/120142\/","title":{"rendered":"Terrorister som slaktat kristna har f\u00e5tt betala dyrt"},"content":{"rendered":"<p class=\"kicker t16 tm16 primary color_mobile_primary\" style=\"\">Afrika<\/p>\n<p>\n        USA:s president Donald Trump, som tidigare kritiserat Nigerias regering f\u00f6r att inte ha ingripit tillr\u00e4ckligt h\u00e5rt mot terrorister som f\u00f6rf\u00f6ljer kristna, beordrade under julhelgen en milit\u00e4r attack. P\u00e5 bilden ses nigeriansk polis som s\u00e4krar en plats efter attackerna.<br \/>\n        Tunde Omolehin\/AP\/TT\n    <\/p>\n<p>    Donald Trump har tidigare \u00f6ppnat f\u00f6r att agera milit\u00e4rt i\u00a0Nigeria. Under julhelgen slog USA till.<\/p>\n<p>\u201dJag har varnat dessa terrorister att om de inte slutade slakta kristna skulle de f\u00e5 betala dyrt\u201d, skriver Trump.<\/p>\n<p>USA:s<br \/>\npresident Donald Trump uppger att jul\u00adhelgens flyg\u00adattacker genom\u00adf\u00f6rts mot IS-terrorister \u201dsom<br \/>\nhar riktat in sig p\u00e5 och brutalt d\u00f6dat fr\u00e4mst oskyldiga kristna\u201d, rapporterar<br \/>\n<a href=\"https:\/\/cbn.com\/news\/world\/us-strikes-islamic-state-group-nigeria-after-terror-attacks-christians\" target=\"_blank\" rel=\"nofollow noopener\">CBN News<\/a>.<\/p>\n<p>                ERBJUDANDE!<br \/>\n<br \/>V\u00e4rlden idag DIGITAL<br \/>\n                2 m\u00e5nader f\u00f6r 10 kr!<\/p>\n<p>\n                    <a class=\"lab-paywall-teaser-offer-button\" href=\"https:\/\/api.varldenidag.se\/paywall\/order?providerUrl=https%3A%2F%2Forder.flowy.se%2Fvarldenidag%2Fvarldenidagdigital%2F3990%2Fuserform%3FcouponNumber%3D124&amp;siteAlias=varldenidag&amp;&amp;siteId=2&amp;contentUrl=https%3A%2F%2Fwww.varldenidag.se%2Fnyheter%2Ftrump-efter-attacken-i-nigeria-terrorister-som-slaktat-kristna-har-fatt-betala-dyrt%2F899126\" rel=\"nofollow noopener\" target=\"_blank\">K\u00d6P<\/a>\n                <\/p>\n<p>                V\u00e4rlden idag<br \/>\n<br \/>DIGITAL<br \/>\n                129,-<\/p>\n<p class=\"price_description\">kr\/m\u00e5nad \u200b\u200b\u200b\u200b\u200b\u200b<\/p>\n<p>\n                    <a class=\"lab-paywall-teaser-offer-button\" href=\"https:\/\/order.flowy.se\/varldenidag\/varldenidagdigital\" rel=\"nofollow noopener\" target=\"_blank\">K\u00d6P<\/a>\n                <\/p>\n<p>                V\u00e4rlden idag<br \/>\n<br \/>PAPPER<br \/>\n                189,-<\/p>\n<p class=\"price_description\">kr\/m\u00e5nad \u200b\u200b\u200b\u200b\u200b\u200b<\/p>\n<p>\n                    <a class=\"lab-paywall-teaser-offer-button\" href=\"https:\/\/order.flowy.se\/varldenidag\/varldenidag\" rel=\"nofollow noopener\" target=\"_blank\">K\u00d6P<\/a>\n                <\/p>\n","protected":false},"excerpt":{"rendered":"Afrika USA:s president Donald Trump, som tidigare kritiserat Nigerias regering f\u00f6r att inte ha ingripit tillr\u00e4ckligt h\u00e5rt mot&hellip;\n","protected":false},"author":2,"featured_media":120143,"comment_status":"","ping_status":"","sticky":false,"template":"","format":"standard","meta":{"footnotes":""},"categories":[14],"tags":[22,23,26,27,17,21,24,25,28,29,15,16,18,34,31,33,32,30,19,20,51,52,53,54],"class_list":{"0":"post-120142","1":"post","2":"type-post","3":"status-publish","4":"format-standard","5":"has-post-thumbnail","7":"category-varlden","8":"tag-breaking-news","9":"tag-breakingnews","10":"tag-featured-news","11":"tag-featurednews","12":"tag-headlines","13":"tag-huvudnyheter","14":"tag-latest-news","15":"tag-latestnews","16":"tag-main-news","17":"tag-mainnews","18":"tag-news","19":"tag-nyheter","20":"tag-rubriker","21":"tag-se","22":"tag-svenska","23":"tag-sverige","24":"tag-sweden","25":"tag-swedish","26":"tag-top-stories","27":"tag-topstories","28":"tag-varlden","29":"tag-world","30":"tag-world-news","31":"tag-worldnews"},"share_on_mastodon":{"url":"https:\/\/pubeurope.com\/@se\/115804408827131746","error":""},"_links":{"self":[{"href":"https:\/\/www.europesays.com\/se\/wp-json\/wp\/v2\/posts\/120142","targetHints":{"allow":["GET"]}}],"collection":[{"href":"https:\/\/www.europesays.com\/se\/wp-json\/wp\/v2\/posts"}],"about":[{"href":"https:\/\/www.europesays.com\/se\/wp-json\/wp\/v2\/types\/post"}],"author":[{"embeddable":true,"href":"https:\/\/www.europesays.com\/se\/wp-json\/wp\/v2\/users\/2"}],"replies":[{"embeddable":true,"href":"https:\/\/www.europesays.com\/se\/wp-json\/wp\/v2\/comments?post=120142"}],"version-history":[{"count":0,"href":"https:\/\/www.europesays.com\/se\/wp-json\/wp\/v2\/posts\/120142\/revisions"}],"wp:featuredmedia":[{"embeddable":true,"href":"https:\/\/www.europesays.com\/se\/wp-json\/wp\/v2\/media\/120143"}],"wp:attachment":[{"href":"https:\/\/www.europesays.com\/se\/wp-json\/wp\/v2\/media?parent=120142"}],"wp:term":[{"taxonomy":"category","embeddable":true,"href":"https:\/\/www.europesays.com\/se\/wp-json\/wp\/v2\/categories?post=120142"},{"taxonomy":"post_tag","embeddable":true,"href":"https:\/\/www.europesays.com\/se\/wp-json\/wp\/v2\/tags?post=120142"}],"curies":[{"name":"wp","href":"https:\/\/api.w.org\/{rel}","templated":true}]}}