{"id":120144,"date":"2025-12-29T19:03:07","date_gmt":"2025-12-29T19:03:07","guid":{"rendered":"https:\/\/www.europesays.com\/se\/120144\/"},"modified":"2025-12-29T19:03:07","modified_gmt":"2025-12-29T19:03:07","slug":"vattentanken-flyttas-annu-oklart-vart","status":"publish","type":"post","link":"https:\/\/www.europesays.com\/se\/120144\/","title":{"rendered":"Vattentanken flyttas \u2013 \u00e4nnu oklart vart"},"content":{"rendered":"<p>Vattentanken utanf\u00f6r Coop i Visby ska flyttas \u2013 vart, meddelas under tisdagen den 30 december. Foto Tommy S\u00f6derlund.\u00a0<\/p>\n<p>\u00a0<\/p>\n<p><strong>Den vattentank som i dagsl\u00e4get finns placerad p\u00e5 Coop-parkeringen i Visby kommer att flyttas \u2013 exakt vart \u00e4r dock \u00e4nnu oklart.\u00a0<\/strong><\/p>\n<p>Sedan <a href=\"https:\/\/www.horisontmagasin.se\/2025\/12\/22\/laga-nivaer-av-parasiter-kokuppmaning-kvarstar\/\" rel=\"nofollow noopener\" target=\"_blank\"><strong>parasiter konstaterades<\/strong><\/a> i det kommunala vattenledningsn\u00e4tet har Region Gotland st\u00e4llt ut en tank d\u00e4r Visbybor och andra kan h\u00e4mta vatten. Denna tank har hittills st\u00e5tt placerad p\u00e5 parkeringen utanf\u00f6r Coop i \u00d6stercentrum, vid J\u00e4gargatan\/Norra Hansegatan.<\/p>\n<p>Nu n\u00e4r det v\u00e4ntas bli minusgrader vill dock regionen s\u00e4kra att vattnet, ledningarna eller kranarna inte fryser, och d\u00e4rmed ska tanken flyttas.<\/p>\n<p>&#8221;Under den period vi haft tanken ute har det vissa n\u00e4tter uppfattats att n\u00e5gon av kranarna frusit. Vi vill f\u00f6rebygga s\u00e5dan isbildning nu n\u00e4r temperaturen v\u00e4ntas falla ytterligare&#8221;, s\u00e4ger Susanne Pettersson, chef f\u00f6r VA-avdelningen, i ett pressmeddelande p\u00e5 m\u00e5ndagseftermiddagen.<\/p>\n<p>Platsen d\u00e4r tanken ska st\u00e5 beh\u00f6ver s\u00e5ledes ha tillg\u00e5ng till el, samtidigt vara s\u00e5 pass l\u00e4ttillg\u00e4nglig att tanken kan fyllas p\u00e5.<\/p>\n<p>                                        Annons<br \/>\n                                        <a href=\"https:\/\/www.kraenku.se\" target=\"_blank\" data-tracking-id=\"left4\" rel=\"nofollow noopener\"><img decoding=\"async\" src=\"https:\/\/usercontent.one\/wp\/www.horisontmagasin.se\/wp-content\/uploads\/2024\/11\/Kranku-840-x-200.png?media=1766356387\" alt=\"Annons\" class=\"img-fluid mx-auto d-block lazyload\" bad-src=\"data:image\/svg+xml;base64,PHN2ZyB3aWR0aD0iMSIgaGVpZ2h0PSIxIiB4bWxucz0iaHR0cDovL3d3dy53My5vcmcvMjAwMC9zdmciPjwvc3ZnPg==\"\/><\/a>                                    <\/p>\n<p>Exakt var tanken ska placeras hade man under m\u00e5ndagen inte kommit fram till; detta f\u00f6rv\u00e4ntas man ge besked om under tisdagen.<\/p>\n<p>Kokrekommendationen g\u00e4ller alla med kommunalt vatten i Visby, V\u00e4skinde, Sj\u00e4ls\u00f6, Brissund, Vibble och V\u00e4sterhejde.<\/p>\n<p>\u00a0<\/p>\n<p><strong>L\u00e4s mer:\u00a0<\/strong><\/p>\n<p><a href=\"https:\/\/www.horisontmagasin.se\/2025\/12\/22\/laga-nivaer-av-parasiter-kokuppmaning-kvarstar\/\" rel=\"nofollow noopener\" target=\"_blank\"><strong>\u00c4nnu oklart om parasiterna \u00e4r farliga<\/strong> <\/a>(Horisont 22 december 2025)<\/p>\n<p><a href=\"https:\/\/www.horisontmagasin.se\/2025\/12\/19\/visbybor-kan-hamta-dricksvatten-fran-tank\/\" rel=\"nofollow noopener\" target=\"_blank\"><strong>Dricksvattentank st\u00e4lls ut f\u00f6r Visbybor<\/strong><\/a> (Horisont 21 december 2025)<\/p>\n<p><a href=\"https:\/\/www.horisontmagasin.se\/2025\/12\/19\/vatten-bor-kokas-aven-till-djuren\/\" rel=\"nofollow noopener\" target=\"_blank\"><strong>Vattnet b\u00f6r kokas \u00e4ven till djuren<\/strong> <\/a>(Horisont 19 december 2025)<\/p>\n<p><a href=\"https:\/\/www.horisontmagasin.se\/2025\/12\/17\/vi-kommer-att-fa-koka-vatten-over-jul\/\" rel=\"nofollow noopener\" target=\"_blank\"><strong>&#8221;Vi kommer att f\u00e5 koka vatten \u00f6ver jul&#8221;<\/strong><\/a> (Horisont 17 december 2025)<\/p>\n<p><a href=\"https:\/\/www.horisontmagasin.se\/2025\/12\/15\/filter-testas-i-ledningarna-vattnet-ska-annu-kokas\/\" rel=\"nofollow noopener\" target=\"_blank\"><strong>Filter testas i ledningar \u2013 fortsatt kokning g\u00e4ller<\/strong> <\/a>(Horisont 15 december 2025)<\/p>\n<p><a href=\"https:\/\/www.horisontmagasin.se\/2025\/12\/03\/visbybor-uppmanas-koka-sitt-kranvatten\/\" rel=\"nofollow noopener\" target=\"_blank\"><strong>Vattnet m\u00e5ste kokas: &#8221;Avvikelse kr\u00e4ver \u00e5tg\u00e4rder&#8221;<\/strong><\/a> (Horisont 3 december 2025)<\/p>\n<p>\u2014 \u2014 \u2014<\/p>\n<p><a style=\"color: #008000\" href=\"https:\/\/www.horisontmagasin.se\/2025\/12\/29\/vattentanken-flyttas-annu-oklart-vart\/mailto:redaktion@hpress.se\" rel=\"nofollow noopener\" target=\"_blank\"><strong>VEM ELLER VAD<\/strong><\/a> vill du l\u00e4sa mer om? Har du tips p\u00e5 sp\u00e4nnande m\u00e4nniskor eller h\u00e4ndelser som vi b\u00f6r gr\u00e4va i? Mejla Horisonts redaktion p\u00e5 <a style=\"color: #008000\" href=\"https:\/\/www.horisontmagasin.se\/2025\/12\/29\/vattentanken-flyttas-annu-oklart-vart\/mailto:redaktion@hpress.se\" rel=\"nofollow noopener\" target=\"_blank\"><strong>redaktion@hpress.se<\/strong><\/a>!<\/p>\n<p>\u2014 \u2014 \u2014<\/p>\n<p><a style=\"color: #008000\" href=\"https:\/\/sub.unseald.com\/checkout\/horisontmagasin_se\" rel=\"nofollow noopener\" target=\"_blank\"><b>PRENUMERERA<\/b><\/a>\u00a0f\u00f6r att f\u00e5 tillg\u00e5ng till Horisont magasin och allt premiummaterial p\u00e5 sajten.<\/p>\n<p>\u2014 \u2014 \u2014<\/p>\n<p><a style=\"color: #008000\" href=\"https:\/\/gansub.com\/s\/yOCsZ0O6J8LckzvxW\/\" rel=\"nofollow noopener\" target=\"_blank\"><b>HORISONTS NYHETSBREV<\/b><\/a>\u00a0skickas ut helt gratis varje vardagsmorgon med en sammanfattning av de senaste Gotlandsnyheterna. Registrera dig via l\u00e4nken.<\/p>\n","protected":false},"excerpt":{"rendered":"Vattentanken utanf\u00f6r Coop i Visby ska flyttas \u2013 vart, meddelas under tisdagen den 30 december. Foto Tommy S\u00f6derlund.\u00a0&hellip;\n","protected":false},"author":2,"featured_media":115891,"comment_status":"","ping_status":"","sticky":false,"template":"","format":"standard","meta":{"footnotes":""},"categories":[12],"tags":[22,23,26,27,17,21,24,25,28,29,15,16,18,34,31,33,32,30,12796,19,20,4412],"class_list":{"0":"post-120144","1":"post","2":"type-post","3":"status-publish","4":"format-standard","5":"has-post-thumbnail","7":"category-sverige","8":"tag-breaking-news","9":"tag-breakingnews","10":"tag-featured-news","11":"tag-featurednews","12":"tag-headlines","13":"tag-huvudnyheter","14":"tag-latest-news","15":"tag-latestnews","16":"tag-main-news","17":"tag-mainnews","18":"tag-news","19":"tag-nyheter","20":"tag-rubriker","21":"tag-se","22":"tag-svenska","23":"tag-sverige","24":"tag-sweden","25":"tag-swedish","26":"tag-tank","27":"tag-top-stories","28":"tag-topstories","29":"tag-vatten"},"share_on_mastodon":{"url":"https:\/\/pubeurope.com\/@se\/115804412558396196","error":""},"_links":{"self":[{"href":"https:\/\/www.europesays.com\/se\/wp-json\/wp\/v2\/posts\/120144","targetHints":{"allow":["GET"]}}],"collection":[{"href":"https:\/\/www.europesays.com\/se\/wp-json\/wp\/v2\/posts"}],"about":[{"href":"https:\/\/www.europesays.com\/se\/wp-json\/wp\/v2\/types\/post"}],"author":[{"embeddable":true,"href":"https:\/\/www.europesays.com\/se\/wp-json\/wp\/v2\/users\/2"}],"replies":[{"embeddable":true,"href":"https:\/\/www.europesays.com\/se\/wp-json\/wp\/v2\/comments?post=120144"}],"version-history":[{"count":0,"href":"https:\/\/www.europesays.com\/se\/wp-json\/wp\/v2\/posts\/120144\/revisions"}],"wp:featuredmedia":[{"embeddable":true,"href":"https:\/\/www.europesays.com\/se\/wp-json\/wp\/v2\/media\/115891"}],"wp:attachment":[{"href":"https:\/\/www.europesays.com\/se\/wp-json\/wp\/v2\/media?parent=120144"}],"wp:term":[{"taxonomy":"category","embeddable":true,"href":"https:\/\/www.europesays.com\/se\/wp-json\/wp\/v2\/categories?post=120144"},{"taxonomy":"post_tag","embeddable":true,"href":"https:\/\/www.europesays.com\/se\/wp-json\/wp\/v2\/tags?post=120144"}],"curies":[{"name":"wp","href":"https:\/\/api.w.org\/{rel}","templated":true}]}}