{"id":120145,"date":"2025-12-29T19:04:07","date_gmt":"2025-12-29T19:04:07","guid":{"rendered":"https:\/\/www.europesays.com\/se\/120145\/"},"modified":"2025-12-29T19:04:07","modified_gmt":"2025-12-29T19:04:07","slug":"strommer-om-morden-outsaglig-sorg","status":"publish","type":"post","link":"https:\/\/www.europesays.com\/se\/120145\/","title":{"rendered":"Str\u00f6mmer om morden: \u201dOuts\u00e4glig sorg\u201d"},"content":{"rendered":"<p>Den ena kvinnan i 55-\u00e5rs\u00e5ldern d\u00f6dades i sitt hem och den andra kvinnan, som var i 25-\u00e5rs\u00e5ldern, var p\u00e5 v\u00e4g hem till sin familj n\u00e4r hon f\u00f6rsvann.<\/p>\n<p>\u2013 Det \u00e4r en outs\u00e4glig sorg och sm\u00e4rta f\u00f6r n\u00e4ra och k\u00e4ra till brottsoffren och det finns inget som kan lindra det, s\u00e4ger Str\u00f6mmer.<\/p>\n<p>Enligt uppgifter ska 26-\u00e5ringen som misst\u00e4nks f\u00f6r mordet i R\u00f6nninge ha bed\u00f6mts ha h\u00f6g \u00e5terfallsrisk i sexualbrott kort innan sin frigivning. Personen avtj\u00e4nade d\u00e5 ett f\u00e4ngelsestraff f\u00f6r f\u00f6rs\u00f6k till m\u00e4nniskorov och grovt barnpornografibrott.<\/p>\n<p>Mannen som misst\u00e4nks f\u00f6r mordet i Boden ska en vecka tidigare tagits in p\u00e5 psykiatrisk tv\u00e5ngsv\u00e5rd. Men efter bara ett dygn skrevs han ut, <a href=\"https:\/\/www.svt.se\/nyheter\/lokalt\/norrbotten\/misstankte-garningsmannens-mamma-behovde-hjalp\" rel=\"nofollow noopener\" target=\"_blank\">s\u00e4ger hans mamma till SVT<\/a>.<\/p>\n<p>Nya straffet: Inl\u00e5st p\u00e5 obest\u00e4md tid<\/p>\n<p>Gunnar Str\u00f6mmer vill inte g\u00e5 in p\u00e5 de specifika fallen men p\u00e5pekar att en rad lag\u00e4ndringar tr\u00e4der i kraft n\u00e4sta \u00e5r. Bland annat ska personer med h\u00f6gre \u00e5terfallsrisk inte kunna sl\u00e4ppas ut i f\u00f6rv\u00e4g fr\u00e5n och med den f\u00f6rsta januari, och flera straff f\u00f6rl\u00e4ngs.<\/p>\n<p>Senare under \u00e5ret ska det nya straffet \u201ds\u00e4kerhetsf\u00f6rvaring\u201d inf\u00f6ras. Det inneb\u00e4r att \u00e4ven brottslingar som inte d\u00f6mts till r\u00e4ttspsykiatrisk v\u00e5rd ska kunna l\u00e5sas in p\u00e5 obest\u00e4md tid.<\/p>\n<p>Var ska d\u00e5 gr\u00e4nsen g\u00e5 f\u00f6r n\u00e4r man f\u00e5r h\u00e5lla n\u00e5gon inl\u00e5st p\u00e5 obest\u00e4md tid?<\/p>\n<p>\u2013 Det finns en m\u00f6jlighet i dag att l\u00e5sa in en farlig person p\u00e5 obest\u00e4md tid om personen lider av en psykisk st\u00f6rning och har d\u00f6mts till r\u00e4ttspsykiatrisk v\u00e5rd. M\u00e5nga har inte det tillst\u00e5ndet men \u00e4r \u00e4nd\u00e5 oerh\u00f6rt farliga f\u00f6r sin omgivning, s\u00e4ger han och forts\u00e4tter:<\/p>\n<p>\u2013 Det h\u00e4r straffet ska riktas mot personer som beg\u00e5tt allvarliga brott vid upprepade tillf\u00e4llen eller s\u00e5 pass allvarliga brott att personen beh\u00f6ver h\u00e5llas inl\u00e5st f\u00f6r att den \u00e4r en fara f\u00f6r allm\u00e4nheten.<\/p>\n<p>V vill se \u00f6ver r\u00e4ttspsykiatrisk v\u00e5rd<\/p>\n<p>Lag\u00e4ndringarna f\u00e5r \u00e4ven st\u00f6d bland oppositionen. V\u00e4nsterpartiets r\u00e4ttspolitiska talesperson Samuel Gonzalez Westling s\u00e4ger att de inte mots\u00e4tter sig regeringens f\u00f6rslag, utan snarare vill komplettera dem. <\/p>\n<p>\u2013 Vi tycker det \u00e4r rimligt att man \u00e4ven ska se \u00f6ver varf\u00f6r det verkar vara s\u00e5 sv\u00e5rt att d\u00f6mas till r\u00e4ttspsykiatrisk v\u00e5rd, varf\u00f6r m\u00e5nga verkar missas av systemet. Vi har sett flera fall d\u00e4r en s\u00e5dan p\u00e5f\u00f6ljd hade varit rimlig och d\u00e4r det funnits uppenbara risker f\u00f6r \u00e5terfall. <\/p>\n","protected":false},"excerpt":{"rendered":"Den ena kvinnan i 55-\u00e5rs\u00e5ldern d\u00f6dades i sitt hem och den andra kvinnan, som var i 25-\u00e5rs\u00e5ldern, var&hellip;\n","protected":false},"author":2,"featured_media":120146,"comment_status":"","ping_status":"","sticky":false,"template":"","format":"standard","meta":{"footnotes":""},"categories":[5],"tags":[22,23,26,27,17,21,24,25,28,29,15,16,18,34,31,33,32,30,19,20],"class_list":{"0":"post-120145","1":"post","2":"type-post","3":"status-publish","4":"format-standard","5":"has-post-thumbnail","7":"category-rubriker","8":"tag-breaking-news","9":"tag-breakingnews","10":"tag-featured-news","11":"tag-featurednews","12":"tag-headlines","13":"tag-huvudnyheter","14":"tag-latest-news","15":"tag-latestnews","16":"tag-main-news","17":"tag-mainnews","18":"tag-news","19":"tag-nyheter","20":"tag-rubriker","21":"tag-se","22":"tag-svenska","23":"tag-sverige","24":"tag-sweden","25":"tag-swedish","26":"tag-top-stories","27":"tag-topstories"},"share_on_mastodon":{"url":"https:\/\/pubeurope.com\/@se\/115804416395719363","error":""},"_links":{"self":[{"href":"https:\/\/www.europesays.com\/se\/wp-json\/wp\/v2\/posts\/120145","targetHints":{"allow":["GET"]}}],"collection":[{"href":"https:\/\/www.europesays.com\/se\/wp-json\/wp\/v2\/posts"}],"about":[{"href":"https:\/\/www.europesays.com\/se\/wp-json\/wp\/v2\/types\/post"}],"author":[{"embeddable":true,"href":"https:\/\/www.europesays.com\/se\/wp-json\/wp\/v2\/users\/2"}],"replies":[{"embeddable":true,"href":"https:\/\/www.europesays.com\/se\/wp-json\/wp\/v2\/comments?post=120145"}],"version-history":[{"count":0,"href":"https:\/\/www.europesays.com\/se\/wp-json\/wp\/v2\/posts\/120145\/revisions"}],"wp:featuredmedia":[{"embeddable":true,"href":"https:\/\/www.europesays.com\/se\/wp-json\/wp\/v2\/media\/120146"}],"wp:attachment":[{"href":"https:\/\/www.europesays.com\/se\/wp-json\/wp\/v2\/media?parent=120145"}],"wp:term":[{"taxonomy":"category","embeddable":true,"href":"https:\/\/www.europesays.com\/se\/wp-json\/wp\/v2\/categories?post=120145"},{"taxonomy":"post_tag","embeddable":true,"href":"https:\/\/www.europesays.com\/se\/wp-json\/wp\/v2\/tags?post=120145"}],"curies":[{"name":"wp","href":"https:\/\/api.w.org\/{rel}","templated":true}]}}