{"id":120151,"date":"2025-12-29T19:11:19","date_gmt":"2025-12-29T19:11:19","guid":{"rendered":"https:\/\/www.europesays.com\/se\/120151\/"},"modified":"2025-12-29T19:11:19","modified_gmt":"2025-12-29T19:11:19","slug":"har-ar-fartygen-som-trafikerat-pa-irlandska-sjon","status":"publish","type":"post","link":"https:\/\/www.europesays.com\/se\/120151\/","title":{"rendered":"H\u00e4r \u00e4r fartygen som trafikerat p\u00e5 Irl\u00e4ndska sj\u00f6n"},"content":{"rendered":"<p>  <img decoding=\"async\" src=\"https:\/\/www.europesays.com\/se\/wp-content\/uploads\/2025\/12\/photo-collage.png-17.png\"  loading=\"lazy\" class=\"block\" alt=\"\" width=\"650\" height=\"366\"\/><\/p>\n<p class=\"ml-auto text-xs text-gray-500 text-right\">\n        Fotograf:<br \/>\n        Scott Mackey\n      <\/p>\n<p>\n    Under de 35 \u00e5r som Stena Line bedrivit trafik p\u00e5 Irl\u00e4ndska sj\u00f6n har ett antal fartyg varit engagerade i trafiken. H\u00e4r kommer ett bildspel med ett flertal av dem.\n  <\/p>\n<p>Samtliga bilder \u00e4r tagna av Scott Mackey. \u00c5rtalen som finns angivna visar mellan vilka \u00e5r fartygen funnits inom Stena Lines flotta. Uppgifterna kommer fr\u00e5n Faktaomfartyg.se.<\/p>\n<p><\/p>\n<p>        <a href=\"https:\/\/connectid.no\/user\/oauth\/authorize?response_type=code&amp;client_id=se.sjofart&amp;redirect_uri=https%3A%2F%2Fwww.sjofartstidningen.se%2Fhar-ar-fartygen-som-trafikerat-pa-irlandska-sjon%2F%3Fflowy_paywall_callback\" rel=\"nofollow noopener\" target=\"_blank\">Vill du l\u00e4sa mer? Logga in h\u00e4r<\/a><\/p>\n<p>\n      Prenumerera\n    <\/p>\n<p>            DIGITAL<\/p>\n<ul>\n<li>Alla artiklar p\u00e5 sjofartstidningen.se<\/li>\n<li>Sj\u00f6fartstidningens e-tidning<\/li>\n<li>Tillg\u00e5ng till digitalt arkiv<\/li>\n<\/ul>\n<p>\u00a0<\/p>\n<p>Fr\u00e5n 89 kr\/m\u00e5nad<\/p>\n<p>\u00a0<\/p>\n<p>            KOMPLETT<\/p>\n<ul>\n<li>Alla artiklar p\u00e5 sjofartstidningen.se<\/li>\n<li>Sj\u00f6fartstidningens e-tidning<\/li>\n<li>Tillg\u00e5ng till digitalt arkiv<\/li>\n<li>Tidning i brevl\u00e5dan 10 nr\/\u00e5r<\/li>\n<\/ul>\n<p>1950 kr\/\u00e5r<\/p>\n","protected":false},"excerpt":{"rendered":"Fotograf: Scott Mackey Under de 35 \u00e5r som Stena Line bedrivit trafik p\u00e5 Irl\u00e4ndska sj\u00f6n har ett antal&hellip;\n","protected":false},"author":2,"featured_media":120152,"comment_status":"","ping_status":"","sticky":false,"template":"","format":"standard","meta":{"footnotes":""},"categories":[14],"tags":[22,23,26,27,17,21,12797,24,25,28,29,15,16,18,34,12775,31,33,32,30,19,20,51,52,53,54],"class_list":{"0":"post-120151","1":"post","2":"type-post","3":"status-publish","4":"format-standard","5":"has-post-thumbnail","7":"category-varlden","8":"tag-breaking-news","9":"tag-breakingnews","10":"tag-featured-news","11":"tag-featurednews","12":"tag-headlines","13":"tag-huvudnyheter","14":"tag-irlandska-sjon","15":"tag-latest-news","16":"tag-latestnews","17":"tag-main-news","18":"tag-mainnews","19":"tag-news","20":"tag-nyheter","21":"tag-rubriker","22":"tag-se","23":"tag-stena-line","24":"tag-svenska","25":"tag-sverige","26":"tag-sweden","27":"tag-swedish","28":"tag-top-stories","29":"tag-topstories","30":"tag-varlden","31":"tag-world","32":"tag-world-news","33":"tag-worldnews"},"share_on_mastodon":{"url":"https:\/\/pubeurope.com\/@se\/115804444133266857","error":""},"_links":{"self":[{"href":"https:\/\/www.europesays.com\/se\/wp-json\/wp\/v2\/posts\/120151","targetHints":{"allow":["GET"]}}],"collection":[{"href":"https:\/\/www.europesays.com\/se\/wp-json\/wp\/v2\/posts"}],"about":[{"href":"https:\/\/www.europesays.com\/se\/wp-json\/wp\/v2\/types\/post"}],"author":[{"embeddable":true,"href":"https:\/\/www.europesays.com\/se\/wp-json\/wp\/v2\/users\/2"}],"replies":[{"embeddable":true,"href":"https:\/\/www.europesays.com\/se\/wp-json\/wp\/v2\/comments?post=120151"}],"version-history":[{"count":0,"href":"https:\/\/www.europesays.com\/se\/wp-json\/wp\/v2\/posts\/120151\/revisions"}],"wp:featuredmedia":[{"embeddable":true,"href":"https:\/\/www.europesays.com\/se\/wp-json\/wp\/v2\/media\/120152"}],"wp:attachment":[{"href":"https:\/\/www.europesays.com\/se\/wp-json\/wp\/v2\/media?parent=120151"}],"wp:term":[{"taxonomy":"category","embeddable":true,"href":"https:\/\/www.europesays.com\/se\/wp-json\/wp\/v2\/categories?post=120151"},{"taxonomy":"post_tag","embeddable":true,"href":"https:\/\/www.europesays.com\/se\/wp-json\/wp\/v2\/tags?post=120151"}],"curies":[{"name":"wp","href":"https:\/\/api.w.org\/{rel}","templated":true}]}}